{"id":1342,"date":"2025-03-07T20:13:56","date_gmt":"2025-03-07T19:13:56","guid":{"rendered":"https:\/\/host34504.iqhs.pl\/swinoujscie\/?p=1342"},"modified":"2025-03-07T20:13:56","modified_gmt":"2025-03-07T19:13:56","slug":"marian-zwierzchowski-obchodzi-60-lecie-swojej-pracy-tworczej","status":"publish","type":"post","link":"https:\/\/ewyspiarz.info\/ogloszenia\/2025\/03\/07\/marian-zwierzchowski-obchodzi-60-lecie-swojej-pracy-tworczej\/","title":{"rendered":"Marian Zwierzchowski, obchodzi 60-lecie swojej pracy tw\u00f3rczej."},"content":{"rendered":"<h3>Marian Zwierzchowski, wybitny artysta mieszkaj\u0105cy w \u015awinouj\u015bciu, obchodzi 60-lecie swojej pracy tw\u00f3rczej. To wyj\u0105tkowa okazja, aby podzi\u0119kowa\u0107 mu za jego dotychczasowy dorobek artystyczny oraz podzieli\u0107 si\u0119 do\u015bwiadczeniami. W trakcie rozmowy pojawi\u0142a si\u0119 tak\u017ce potrzeba stworzenia pracowni artystycznej dla lokalnych plastyk\u00f3w.<\/h3>\n<p>W czwartek Prezydent Miasta \u015awinouj\u015bcie, Joanna Agatowska, oraz jej zast\u0119pca, Roman Kucierski, spotkali si\u0119 z Marianem Zwierzchowskim. Artysta urodzi\u0142 si\u0119 w 1944 roku w Turobinie ko\u0142o Krasnegostawu. Jego tw\u00f3rczo\u015b\u0107 rozwija\u0142a si\u0119 pod wp\u0142ywem polskiego koloryzmu, nurtu artystycznego popularnego w okresie mi\u0119dzywojennym i powojennym. Inspiracj\u0105 dla niego byli wybitni profesorowie Akademii Sztuk Pi\u0119knych w Krakowie i Wroc\u0142awiu, tacy jak Jan Cybis, J\u00f3zef Czapski i Piotr Potworowski.<\/p>\n<p>Zwierzchowski od lat tworzy obrazy o tematyce tradycyjnej \u2013 martw\u0105 natur\u0119, kwiaty oraz pejza\u017ce malowane z natury. W swojej pracy wykorzystuje techniki olejne, akwarel\u0119 i gwasz. R\u00f3wnolegle z realistycznymi przedstawieniami eksperymentowa\u0142 r\u00f3wnie\u017c z abstrakcj\u0105, form\u0105, kolorem i materia\u0142em, nieustannie poszukuj\u0105c w\u0142asnego artystycznego idea\u0142u. Obecnie coraz cz\u0119\u015bciej maluje portrety oraz kompozycje figuralne z postaciami ludzkimi.<\/p>\n<p>Podczas spotkania artysta zwr\u00f3ci\u0142 uwag\u0119 na potrzeb\u0119 stworzenia przestrzeni do pracy dla \u015bwinoujskich plastyk\u00f3w. \u2013 Jest nas oko\u0142o dziewi\u0119ciu. Aby\u015bmy mogli swobodnie tworzy\u0107, potrzebne jest odpowiednie miejsce, najlepiej przestronne pomieszczenie z wysokim sufitem. Obecnie wi\u0119kszo\u015b\u0107 z nas pracuje w swoich mieszkaniach, co uniemo\u017cliwia tworzenie wi\u0119kszych format\u00f3w \u2013 zauwa\u017cy\u0142 Zwierzchowski. Zasugerowa\u0142 r\u00f3wnie\u017c organizacj\u0119 plener\u00f3w malarskich, podkre\u015blaj\u0105c, \u017ce \u015awinouj\u015bcie jest miastem o niezwyk\u0142ym potencjale artystycznym.<\/p>\n<p>W\u0142adze miasta ze zrozumieniem przyj\u0119\u0142y postulaty artysty i zapewni\u0142y, \u017ce prace nad znalezieniem odpowiedniego miejsca dla tw\u00f3rc\u00f3w b\u0119d\u0105 prowadzone w porozumieniu z osobami zaanga\u017cowanymi w rozw\u00f3j kultury. \u2013 Tworzycie wyj\u0105tkowe dzie\u0142a. Do\u0142o\u017cymy wszelkich stara\u0144, aby Pa\u0144stwa sztuka trafi\u0142a do jak najszerszego grona odbiorc\u00f3w i aby mieszka\u0144cy \u015awinouj\u015bcia byli dumni z lokalnych artyst\u00f3w \u2013 zapewni\u0142a Joanna Agatowska, Prezydent Miasta \u015awinouj\u015bcie.<\/p>\n<p>W ramach podzi\u0119kowania Marian Zwierzchowski otrzyma\u0142 statuetk\u0119 \u201eWiatraka\u201d wraz z osobistymi gratulacjami za swoj\u0105 wieloletni\u0105 prac\u0119 artystyczn\u0105.<\/p>\n<h5>Tekst i foto:<br \/>\nWojciech Basa\u0142ygo<br \/>\nPodinspektor<br \/>\nBiuro Informacji i Konsultacji Spo\u0142ecznych<\/h5>\n","protected":false},"excerpt":{"rendered":"<p>Marian Zwierzchowski, wybitny artysta mieszkaj\u0105cy w \u015awinouj\u015bciu, obchodzi 60-lecie swojej pracy tw\u00f3rczej. To wyj\u0105tkowa okazja, aby podzi\u0119kowa\u0107 mu za jego dotychczasowy dorobek artystyczny oraz podzieli\u0107 si\u0119 do\u015bwiadczeniami. W trakcie rozmowy pojawi\u0142a si\u0119 tak\u017ce potrzeba stworzenia pracowni artystycznej dla lokalnych plastyk\u00f3w. W czwartek Prezydent Miasta \u015awinouj\u015bcie, Joanna Agatowska, oraz jej zast\u0119pca, Roman Kucierski, spotkali si\u0119 z [&hellip;]<\/p>\n","protected":false},"author":1,"featured_media":0,"comment_status":"closed","ping_status":"closed","sticky":false,"template":"","format":"standard","meta":{"footnotes":""},"categories":[77,85],"tags":[316,507],"class_list":["post-1342","post","type-post","status-publish","format-standard","hentry","category-informacje","category-swinoujscie","tag-marian-zwierzchowski","tag-swinoujscie"],"_links":{"self":[{"href":"https:\/\/ewyspiarz.info\/ogloszenia\/wp-json\/wp\/v2\/posts\/1342","targetHints":{"allow":["GET"]}}],"collection":[{"href":"https:\/\/ewyspiarz.info\/ogloszenia\/wp-json\/wp\/v2\/posts"}],"about":[{"href":"https:\/\/ewyspiarz.info\/ogloszenia\/wp-json\/wp\/v2\/types\/post"}],"author":[{"embeddable":true,"href":"https:\/\/ewyspiarz.info\/ogloszenia\/wp-json\/wp\/v2\/users\/1"}],"replies":[{"embeddable":true,"href":"https:\/\/ewyspiarz.info\/ogloszenia\/wp-json\/wp\/v2\/comments?post=1342"}],"version-history":[{"count":0,"href":"https:\/\/ewyspiarz.info\/ogloszenia\/wp-json\/wp\/v2\/posts\/1342\/revisions"}],"wp:attachment":[{"href":"https:\/\/ewyspiarz.info\/ogloszenia\/wp-json\/wp\/v2\/media?parent=1342"}],"wp:term":[{"taxonomy":"category","embeddable":true,"href":"https:\/\/ewyspiarz.info\/ogloszenia\/wp-json\/wp\/v2\/categories?post=1342"},{"taxonomy":"post_tag","embeddable":true,"href":"https:\/\/ewyspiarz.info\/ogloszenia\/wp-json\/wp\/v2\/tags?post=1342"}],"curies":[{"name":"wp","href":"https:\/\/api.w.org\/{rel}","templated":true}]}}