{"id":1492,"date":"2025-03-11T15:19:45","date_gmt":"2025-03-11T14:19:45","guid":{"rendered":"https:\/\/host34504.iqhs.pl\/swinoujscie\/?p=1492"},"modified":"2025-03-11T15:19:45","modified_gmt":"2025-03-11T14:19:45","slug":"spotkanie-w-urzedzie-miasta-z-okazji-swieta-kobiet","status":"publish","type":"post","link":"https:\/\/ewyspiarz.info\/ogloszenia\/2025\/03\/11\/spotkanie-w-urzedzie-miasta-z-okazji-swieta-kobiet\/","title":{"rendered":"Spotkanie w Urz\u0119dzie Miasta Z okazji \u015awi\u0119ta Kobiet"},"content":{"rendered":"<p class=\"gwp6f592cf9_MsoNormal\"><b>Z okazji minionego \u015awi\u0119ta Kobiet, w poniedzia\u0142ek 10 marca, w Urz\u0119dzie Miasta \u015awinouj\u015bcie odby\u0142o si\u0119 wyj\u0105tkowe spotkanie, kt\u00f3re zgromadzi\u0142o kobiety pe\u0142ni\u0105ce funkcje radnych zar\u00f3wno obecnej, jak i poprzednich kadencji. W uroczysto\u015bci wzi\u0119li r\u00f3wnie\u017c udzia\u0142 przedstawiciele w\u0142adz miasta oraz cz\u0142onkowie M\u0142odzie\u017cowej Rady Miasta.<br \/>\n<\/b><br \/>\nZast\u0119pca prezydenta \u015awinouj\u015bcia, Arkadiusz Mazepa, z\u0142o\u017cy\u0142 obecnym paniom serdeczne \u017cyczenia, podkre\u015blaj\u0105c ich wk\u0142ad w \u017cycie miasta i spo\u0142ecze\u0144stwa. W odpowiedzi, by\u0142y radna Irena Kurszewska, w imieniu uczestniczek spotkania, z\u0142o\u017cy\u0142a \u017cyczenia z okazji Dnia M\u0119\u017cczyzny, kt\u00f3ry przypada\u0142 w tym samym dniu.<\/p>\n<p>Spotkanie rozpocz\u0119\u0142a radna El\u017cbieta Jab\u0142o\u0144ska, wiceprzewodnicz\u0105ca aktualnej IX kadencji Rady Miasta \u015awinouj\u015bcie. Prezydent Miasta \u015awinouj\u015bcie, Joanna Agatowska, r\u00f3wnie\u017c z\u0142o\u017cy\u0142a \u017cyczenia, podkre\u015blaj\u0105c rol\u0119 kobiet w \u017cyciu spo\u0142ecznym miasta oraz ich rol\u0119 w kszta\u0142towaniu jego przysz\u0142o\u015bci.<\/p>\n<p class=\"gwp6f592cf9_MsoNormal\">\n<p class=\"gwp6f592cf9_MsoNormal\">Jednym z punkt\u00f3w programu by\u0142a interesuj\u0105ca prelekcja, kt\u00f3r\u0105 poprowadzi\u0142 Krzysztof Nowak, Kronikarz Miejski. W swojej opowie\u015bci przybli\u017cy\u0142 histori\u0119 \u015awinouj\u015bcia, wzbogacon\u0105 o unikalne zdj\u0119cia, kt\u00f3re stanowi\u0142y ciekawy kontekst do refleksji nad miastem i jego mieszka\u0144cami.<\/p>\n<p>Kolejnym ciekawym momentem by\u0142a prezentacja monta\u017cu poetycko\u2013piosenkarskiego, w ca\u0142o\u015bci po\u015bwi\u0119conego kobietom. Monta\u017c, zrealizowany przez \u015bwinoujsk\u0105 m\u0142odzie\u017c pod czujnym okiem Iwony Dominiak, dostarczy\u0142 wielu wzrusze\u0144 i u\u015bmiech\u00f3w, a tak\u017ce podkre\u015bli\u0142 ogromne znaczenie kobiet w ka\u017cdej dziedzinie \u017cycia.<\/p>\n<p>Po cz\u0119\u015bci oficjalnej, w kt\u00f3rej wyst\u0105pi\u0142y r\u00f3wnie\u017c by\u0142e radne Krystyna Dulnik i Janina Miecznik, uczestnicy spotkania mieli okazj\u0119 do bardziej nieformalnych rozm\u00f3w. Podczas spotkania przy kawie, herbacie i s\u0142odko\u015bciach rozmowy skupia\u0142y si\u0119 na wspomnieniach oraz refleksjach dotycz\u0105cych pracy w radzie i wyzwa\u0144, kt\u00f3re stan\u0119\u0142y przed radnymi w minionych latach.<\/p>\n<p>Spotkanie zako\u0144czy\u0142o si\u0119 wsp\u00f3lnym zdj\u0119ciem, kt\u00f3re uwieczni\u0142o ten wyj\u0105tkowy moment, pe\u0142en rado\u015bci, wspomnie\u0144 oraz rozm\u00f3w o roli kobiet w historii miasta, ich niezast\u0105pionym wk\u0142adzie w jego rozw\u00f3j oraz o tym, jak swoj\u0105 prac\u0105 i zaanga\u017cowaniem kszta\u0142towa\u0142y i nadal kszta\u0142tuj\u0105 przysz\u0142o\u015b\u0107 \u015awinouj\u015bcia.<\/p>\n<p class=\"gwp6f592cf9_MsoNormal\"><i>\u00a0<\/i><\/p>\n<p class=\"gwp6f592cf9_MsoNormal\"><i>\u00a0<\/i><\/p>\n<p class=\"gwp6f592cf9_MsoNormal\"><i>Fot. Krzysztof Nowak\/ Biuro Informacji i Konsultacji Spo\u0142ecznych UM \u015awinouj\u015bcie<\/i><\/p>\n<p class=\"gwp6f592cf9_MsoNormal\">\n<p class=\"gwp6f592cf9_MsoNormal\"><b><i>\u00a0<\/i><\/b><\/p>\n<p class=\"gwp6f592cf9_MsoNormal\"><b><i>Beata Olszewska<\/i><\/b><\/p>\n<p class=\"gwp6f592cf9_MsoNormal\"><b><i>Inspektor<\/i><\/b><\/p>\n<p class=\"gwp6f592cf9_MsoNormal\"><b><i>Biuro Informacji i Konsultacji Spo\u0142ecznych<\/i><\/b><\/p>\n<p class=\"gwp6f592cf9_MsoNormal\"><b><i>Urz\u0105d Miasta \u015awinouj\u015bcie<\/i><\/b><\/p>\n","protected":false},"excerpt":{"rendered":"<p>Z okazji minionego \u015awi\u0119ta Kobiet, w poniedzia\u0142ek 10 marca, w Urz\u0119dzie Miasta \u015awinouj\u015bcie odby\u0142o si\u0119 wyj\u0105tkowe spotkanie, kt\u00f3re zgromadzi\u0142o kobiety pe\u0142ni\u0105ce funkcje radnych zar\u00f3wno obecnej, jak i poprzednich kadencji. W uroczysto\u015bci wzi\u0119li r\u00f3wnie\u017c udzia\u0142 przedstawiciele w\u0142adz miasta oraz cz\u0142onkowie M\u0142odzie\u017cowej Rady Miasta. Zast\u0119pca prezydenta \u015awinouj\u015bcia, Arkadiusz Mazepa, z\u0142o\u017cy\u0142 obecnym paniom serdeczne \u017cyczenia, podkre\u015blaj\u0105c ich wk\u0142ad [&hellip;]<\/p>\n","protected":false},"author":1,"featured_media":0,"comment_status":"closed","ping_status":"closed","sticky":false,"template":"","format":"standard","meta":{"footnotes":""},"categories":[76,85],"tags":[571],"class_list":["post-1492","post","type-post","status-publish","format-standard","hentry","category-imprezy","category-swinoujscie","tag-urzad-miasta-swinoujscie"],"_links":{"self":[{"href":"https:\/\/ewyspiarz.info\/ogloszenia\/wp-json\/wp\/v2\/posts\/1492","targetHints":{"allow":["GET"]}}],"collection":[{"href":"https:\/\/ewyspiarz.info\/ogloszenia\/wp-json\/wp\/v2\/posts"}],"about":[{"href":"https:\/\/ewyspiarz.info\/ogloszenia\/wp-json\/wp\/v2\/types\/post"}],"author":[{"embeddable":true,"href":"https:\/\/ewyspiarz.info\/ogloszenia\/wp-json\/wp\/v2\/users\/1"}],"replies":[{"embeddable":true,"href":"https:\/\/ewyspiarz.info\/ogloszenia\/wp-json\/wp\/v2\/comments?post=1492"}],"version-history":[{"count":0,"href":"https:\/\/ewyspiarz.info\/ogloszenia\/wp-json\/wp\/v2\/posts\/1492\/revisions"}],"wp:attachment":[{"href":"https:\/\/ewyspiarz.info\/ogloszenia\/wp-json\/wp\/v2\/media?parent=1492"}],"wp:term":[{"taxonomy":"category","embeddable":true,"href":"https:\/\/ewyspiarz.info\/ogloszenia\/wp-json\/wp\/v2\/categories?post=1492"},{"taxonomy":"post_tag","embeddable":true,"href":"https:\/\/ewyspiarz.info\/ogloszenia\/wp-json\/wp\/v2\/tags?post=1492"}],"curies":[{"name":"wp","href":"https:\/\/api.w.org\/{rel}","templated":true}]}}