{"id":1577,"date":"2025-03-13T18:55:15","date_gmt":"2025-03-13T17:55:15","guid":{"rendered":"https:\/\/host34504.iqhs.pl\/swinoujscie\/?p=1577"},"modified":"2025-03-13T18:55:15","modified_gmt":"2025-03-13T17:55:15","slug":"w-paryzu-o-bezpieczenstwie-europy","status":"publish","type":"post","link":"https:\/\/ewyspiarz.info\/ogloszenia\/2025\/03\/13\/w-paryzu-o-bezpieczenstwie-europy\/","title":{"rendered":"W Pary\u017cu o bezpiecze\u0144stwie Europy"},"content":{"rendered":"<p>W Pary\u017cu o bezpiecze\u0144stwie Europy, Ukrainie i rozwoju przemys\u0142u zbrojeniowego.<br \/>\nW Polsce charakteryzujemy trzy wektory dzia\u0142ania i ciesz\u0119 si\u0119, \u017ce dzisiaj us\u0142ysza\u0142em, \u017ce to s\u0105 nasze wsp\u00f3lne wektory dzia\u0142ania. Trzyma\u0107 Rosj\u0119 jak najdalej st\u0105d. Trzyma\u0107 Rosj\u0119 jak najdalej od naszych pa\u0144stw. To znaczy wspiera\u0107 Ukrain\u0119 i pod tym wszyscy si\u0119 podpisujemy. Deklarujemy dalsze wsparcie Ukrainy w momencie kiedy walczy i w momencie kiedy dojdzie do tak upragnionego, sprawiedliwego pokoju. Drugi punkt to budowa relacji transatlantyckich. Potwierdzamy swoj\u0105 wol\u0119, gotowo\u015b\u0107 i strategiczne partnerstwo transatlantyckie. Trzeci wektor to jest budowa silnej Europy. Na tym si\u0119 dzisiaj te\u017c skupili\u015bmy. Si\u0142\u0119 Europy, nie tylko militarnej, ale silnej w infrastruktur\u0119 zwi\u0105zan\u0105 z produkcj\u0105 zbrojeniow\u0105 &#8211; m\u00f3wi\u0142 w Pary\u017cu wicepremier W. Kosiniak \u2013 Kamysz.<\/p>\n<p>W \u015brod\u0119, 12 marca br., w stolicy Francji wicepremier \u2013 minister obrony narodowej W\u0142adys\u0142aw Kosiniak \u2013 Kamysz uczestniczy\u0142 w spotkaniu Grupy 5 Ministr\u00f3w Obrony \u2013 wraz z ministrami obrony Francji, Niemiec, W\u0142och i Wielkiej Brytanii oraz zaproszonymi go\u015b\u0107mi: ministrem obrony Ukrainy i przedstawicielami NATO i UE.<\/p>\n<p><em>&#8211; Europa jako wsp\u00f3lnota europejska pierwszy raz aktywuje program budowy silnego przemys\u0142u, inwestycji w przemys\u0142 obronny, zbrojeniowy. Uznaje wydatki na zbrojenie jako priorytet, czego potwierdzeniem jest dzisiaj przyj\u0119ta rezolucja w Parlamencie Europejskim \u2013 wskazuj\u0105ca na kluczowe inwestycje, takie jak Tarcza Wsch\u00f3d czy Ba\u0142tycka Linia Obrony. Rozlu\u017ania gorset finansowy, kt\u00f3ry uniemo\u017cliwia\u0142 niekt\u00f3rym pa\u0144stwom inwestycje w obronno\u015b\u0107. Wydatki na zbrojenia nie b\u0119d\u0105 wlicza\u0107 si\u0119 do deficytu. To s\u0105 te intencje, kt\u00f3re przyjmujemy jako ministrowie obrony, o kt\u00f3rych m\u00f3wili\u015bmy od dawna, co by\u0142o potwierdzane wielokrotnie w tym formacie E5. (\u2026) 500 milion\u00f3w Europejczyk\u00f3w zas\u0142uguje na si\u0142\u0119, kt\u00f3ra obroni pok\u00f3j. 500 milion\u00f3w Europejczyk\u00f3w zas\u0142uguje na si\u0142\u0119, kt\u00f3ra da pok\u00f3j Ukrainie. To jest nasze powa\u017cne zobowi\u0105zanie <\/em>&#8211; m\u00f3wi\u0142 szef MON.<\/p>\n<p>Spotkanie ministr\u00f3w obrony dotyczy\u0142o obecnej sytuacji bezpiecze\u0144stwa w Europie. W\u015br\u00f3d temat\u00f3w znalaz\u0142y si\u0119 kwestie dotycz\u0105ce zwi\u0119kszenia interoperacyjno\u015bci wojsk pa\u0144stw europejskich i wsp\u00f3\u0142praca w przemy\u015ble zbrojeniowym, ponowne zbrojenie Europy oraz kontynuacja wysi\u0142k\u00f3w na rzecz sprawiedliwego pokoju ko\u0144cz\u0105cego wywo\u0142an\u0105 przez Rosj\u0119 wojn\u0119 w Ukrainie.<\/p>\n<p><em>&#8211; Potrzebujemy wsp\u00f3lnoty w dziedzinie mobilno\u015bci naszych wojsk. Potrzebujemy \u0142atwo\u015bci w podejmowaniu decyzji i odwagi w naszych parlamentach do tego, \u017ceby\u015bmy byli w stanie sprosta\u0107 historycznym oczekiwaniom zar\u00f3wno wydatk\u00f3w na zbrojenia, zdolno\u015bci operacyjnych, si\u0142y naszych armii, odporno\u015bci naszych spo\u0142eczno\u015bci. Dzi\u015b w naszych rozmowach du\u017co po\u015bwi\u0119cili\u015bmy sprawie cyberbezpiecze\u0144stwa, sprawie inwestycji w nowe technologie. Ja jestem zwolennikiem daleko posuni\u0119tego wsp\u00f3lnego europejskiego rozwoju zdolno\u015bci budowy sztucznej inteligencji. (\u2026) Obywatele Europy licz\u0105 na nasze wsp\u00f3\u0142dzia\u0142anie. Ka\u017cdy mo\u017ce odegra\u0107 wa\u017cn\u0105 rol\u0119. \u00a0Ka\u017cdy b\u0119dzie mia\u0142 okre\u015blone miejsce w procesie, kt\u00f3ry wierz\u0119, \u017ce zako\u0144czy si\u0119 pokojowym, sprawiedliwym rozwi\u0105zaniem dla Ukrainy i dla Europy. Ale pok\u00f3j zawsze b\u0119dzie potrzebowa\u0142 naszej si\u0142y, si\u0142y odstraszania i obrony. Pi\u0105tka pa\u0144stw dzisiaj tak bardzo zjednoczonych, tak bardzo wsp\u00f3\u0142pracuj\u0105cych i pi\u0119ciu ministr\u00f3w obrony, najwi\u0119kszych armii europejskich. \u00a0Jest do tego zdeterminowana i uczyni wszystko, \u017ceby zapewni\u0107 stabilno\u015b\u0107, bezpiecze\u0144stwo i pok\u00f3j naszym ojczyznom, Europie i \u015bwiatu<\/em><\/p>\n<p>&#8211; zaznaczy\u0142 szef MON.<\/p>\n<p>W trakcie spotkania ministrowie om\u00f3wili tak\u017ce podnoszenie wydatk\u00f3w na obronno\u015b\u0107, jak r\u00f3wnie\u017c wnioski dla europejskiej obronno\u015bci wynikaj\u0105ce z wojny w Ukrainie. Szefowie resort\u00f3w obrony poruszyli tak\u017ce tematy dotycz\u0105ce inicjatyw w ramach joint venture &#8211; europejsko-ukrai\u0144skich, wykorzystania wojskowych do\u015bwiadcze\u0144 z wojny na Ukrainie, w tym tych zwi\u0105zanych z dronami. W\u015br\u00f3d temat\u00f3w om\u00f3wiono tak\u017ce rol\u0119 i zadania hubu logistycznego w Jasionce oraz umacnianie wschodniej flanki NATO, w tym rozwijanie zaplecza infrastrukturalnego dla wojsk sojuszniczych.<\/p>\n<p>Rozmowy w Pary\u017cu by\u0142y kolejnym spotkaniem, po rozmowach w Berlinie, Warszawie i Brukseli.<\/p>\n<p>\u017cr\u00f3d\u0142o:<strong> Ministerstwo Obrony Narodowej<\/strong><\/p>\n","protected":false},"excerpt":{"rendered":"<p>W Pary\u017cu o bezpiecze\u0144stwie Europy, Ukrainie i rozwoju przemys\u0142u zbrojeniowego. W Polsce charakteryzujemy trzy wektory dzia\u0142ania i ciesz\u0119 si\u0119, \u017ce dzisiaj us\u0142ysza\u0142em, \u017ce to s\u0105 nasze wsp\u00f3lne wektory dzia\u0142ania. Trzyma\u0107 Rosj\u0119 jak najdalej st\u0105d. Trzyma\u0107 Rosj\u0119 jak najdalej od naszych pa\u0144stw. To znaczy wspiera\u0107 Ukrain\u0119 i pod tym wszyscy si\u0119 podpisujemy. Deklarujemy dalsze wsparcie Ukrainy [&hellip;]<\/p>\n","protected":false},"author":1,"featured_media":1578,"comment_status":"closed","ping_status":"closed","sticky":false,"template":"","format":"standard","meta":{"footnotes":""},"categories":[79],"tags":[337,589],"class_list":["post-1577","post","type-post","status-publish","format-standard","has-post-thumbnail","hentry","category-kraj","tag-ministerstwo-obrony-narodowej","tag-w-paryzu"],"_links":{"self":[{"href":"https:\/\/ewyspiarz.info\/ogloszenia\/wp-json\/wp\/v2\/posts\/1577","targetHints":{"allow":["GET"]}}],"collection":[{"href":"https:\/\/ewyspiarz.info\/ogloszenia\/wp-json\/wp\/v2\/posts"}],"about":[{"href":"https:\/\/ewyspiarz.info\/ogloszenia\/wp-json\/wp\/v2\/types\/post"}],"author":[{"embeddable":true,"href":"https:\/\/ewyspiarz.info\/ogloszenia\/wp-json\/wp\/v2\/users\/1"}],"replies":[{"embeddable":true,"href":"https:\/\/ewyspiarz.info\/ogloszenia\/wp-json\/wp\/v2\/comments?post=1577"}],"version-history":[{"count":0,"href":"https:\/\/ewyspiarz.info\/ogloszenia\/wp-json\/wp\/v2\/posts\/1577\/revisions"}],"wp:featuredmedia":[{"embeddable":true,"href":"https:\/\/ewyspiarz.info\/ogloszenia\/wp-json\/"}],"wp:attachment":[{"href":"https:\/\/ewyspiarz.info\/ogloszenia\/wp-json\/wp\/v2\/media?parent=1577"}],"wp:term":[{"taxonomy":"category","embeddable":true,"href":"https:\/\/ewyspiarz.info\/ogloszenia\/wp-json\/wp\/v2\/categories?post=1577"},{"taxonomy":"post_tag","embeddable":true,"href":"https:\/\/ewyspiarz.info\/ogloszenia\/wp-json\/wp\/v2\/tags?post=1577"}],"curies":[{"name":"wp","href":"https:\/\/api.w.org\/{rel}","templated":true}]}}