{"id":1580,"date":"2025-03-13T19:58:16","date_gmt":"2025-03-13T18:58:16","guid":{"rendered":"https:\/\/host34504.iqhs.pl\/swinoujscie\/?p=1580"},"modified":"2025-03-13T19:58:16","modified_gmt":"2025-03-13T18:58:16","slug":"rafal-trzaskowski-z-czym-idzie-do-wyborow-2025","status":"publish","type":"post","link":"https:\/\/ewyspiarz.info\/ogloszenia\/2025\/03\/13\/rafal-trzaskowski-z-czym-idzie-do-wyborow-2025\/","title":{"rendered":"Rafa\u0142 TRZASKOWSKI z czym idzie do wybor\u00f3w 2025"},"content":{"rendered":"<h2>Jaki ma Rafa\u0142 TRZASKOWSKI program, z kt\u00f3rym idzie do wybor\u00f3w prezydenckich 2025 roku? Co proponuje Rafa\u0142 TRZASKOWSKI wyborcom? Jakie zapowiedzi Rafa\u0142a TRZASKOWSKIEGO jak dot\u0105d zosta\u0142y najbardziej zauwa\u017cone?<\/h2>\n<p>Rafa\u0142 TRZASKOWSKI jest politykiem rz\u0105dz\u0105cej dzi\u015b partii \u2013 Platformy Obywatelskiej, od 2020 r. jest wiceprzewodnicz\u0105cym tego ugrupowania. Jest tak\u017ce prezydentem Warszawy.<\/p>\n<h3 class=\"wp-block-heading\">Po pierwsze: liberalizacja prawa aborcyjnego<\/h3>\n<p class=\"dot\">Wiceprzewodnicz\u0105cy Platformy Obywatelskiej i prezydent Warszawy jest zwolennikiem liberalizacji prawa aborcyjnego.\u00a0W grudniu 2024 r.\u00a0<strong>Rafa\u0142 TRZASKOWSKI<\/strong>\u00a0zapowiedzia\u0142, \u017ce je\u015bli to on wygrywa wybory prezydenckie w 2025 r. to po obj\u0119ciu urz\u0119du g\u0142owy pa\u0144stwa jednym z jego g\u0142\u00f3wnych cel\u00f3w b\u0119dzie poszerzenie dost\u0119pu do aborcji.<\/p>\n<p>Mimo tego, \u017ce wielokrotnie dowodzi\u0142, i\u017c jako prezydent Polski podpisa\u0142by ustaw\u0119 zmieniaj\u0105c\u0105 prawo aborcyjne, to jednocze\u015bnie stwierdzi\u0142, \u017ce do skutecznej realizacji tego celu b\u0119dzie potrzebowa\u0142 wi\u0119kszo\u015bci sejmowej \u2013 daj\u0105c tym samym do zrozumienia, i\u017c mo\u017ce doj\u015b\u0107 do pewnych komplikacji w realizacji jednego z najbardziej oczekiwanych przez progresywistyczny elektorat postulat\u00f3w.<\/p>\n<p>\u201eJa jasno m\u00f3wi\u0119, \u017ce podpisz\u0119 tak\u0105 ustaw\u0119. Natomiast musimy zbudowa\u0107 wi\u0119kszo\u015b\u0107 parlamentarn\u0105. Teraz jej nie ma, ale to dlatego, \u017ce niekt\u00f3rzy si\u0119 chowaj\u0105 za prezydentem Dud\u0105 i m\u00f3wi\u0105, \u017ce nie b\u0119d\u0105 podejmowali tak trudnej decyzji w zwi\u0105zku z tym, \u017ce prezydent Duda i tak zablokuje jak\u0105kolwiek zmian\u0119 przepis\u00f3w. Je\u017celi zniknie ten pretekst, to mam nadziej\u0119, \u017ce uda si\u0119 zbudowa\u0107 wi\u0119kszo\u015b\u0107 do zmiany przepis\u00f3w antyaborcyjnych. [\u2026] Mam nadziej\u0119, \u017ce presja na tych, kt\u00f3rzy dzisiaj nie chc\u0105 si\u0119 przyczyni\u0107 do liberalizacji tych \u015bredniowiecznych przepis\u00f3w antyaborcyjnych, b\u0119dzie tak du\u017ca, \u017ce du\u017co \u0142atwiej b\u0119dzie zbudowa\u0107 wi\u0119kszo\u015b\u0107 w obecnym Sejmie\u201d \u2013 m\u00f3wi\u0142 w grudniu 2024 r.\u00a0<strong>Rafa\u0142 TRZASKOWSKI<\/strong>.<\/p>\n<h3 class=\"wp-block-heading\">Po drugie: nag\u0142a zmiana podej\u015bcia do zjawiska nielegalnej imigracji przed wyborami<\/h3>\n<p class=\"dot\">Mimo tego, \u017ce jeszcze w 2015 r.<a href=\"https:\/\/wszystkoconajwazniejsze.pl\/pepites\/wybory-prezydenckie-2025-kto-wygra\/\">\u00a0<strong>Rafa\u0142 TRZASKOWSKI<\/strong>\u00a0<\/a>popiera\u0142 polityk\u0119 otwartych drzwi dla nielegalnych imigrant\u00f3w \u2013 okre\u015blanych mianem \u201euchod\u017ac\u00f3w\u201d \u2013\u00a0 z pa\u0144stw trzeciego \u015bwiata, to niedawno polityk zmieni\u0142 swoj\u0105 perspektyw\u0119 wzgl\u0119dem tej kwestii. Dziewi\u0119\u0107 lat temu, pe\u0142ni\u0105cy w\u00f3wczas jeszcze funkcj\u0119 wiceministra spraw zagranicznych\u00a0<strong>Rafa\u0142 TRZASKOWSKI<\/strong>\u00a0twierdzi\u0142, i\u017c Polska powinna przyj\u0105\u0107 nielegalnych imigrant\u00f3w z Syrii i Erytrei.<\/p>\n<p>Z kolei w 2021 r. ju\u017c jako prezydent miasta sto\u0142ecznego Warszawy popiera\u0142 on udzielanie pomocy migrantom \u015bci\u0105gni\u0119tym przez w\u0142adze Bia\u0142orusi. Od momentu powrotu Platformy Obywatelskiej do w\u0142adzy\u00a0<strong>Rafa\u0142 TRZASKOWSKI<\/strong>\u00a0zrewidowa\u0142 jednak swoj\u0105 optyk\u0119 na problem nielegalnej imigracji \u2013 teraz dla niego priorytetem jest bezpiecze\u0144stwo oraz silne stawianie oporu hybrydowej agresji takiej jak ta w wydaniu Mi\u0144ska.<\/p>\n<p>\u201eKwestia bezpiecze\u0144stwa, zabezpieczenia naszej granicy b\u0119dzie absolutnie fundamentalnym, o ile nie najwa\u017cniejszym tematem kampanii, opr\u00f3cz oczywi\u015bcie kwestii, kt\u00f3re s\u0105 zawsze dla Polek i Polak\u00f3w najwa\u017cniejsze, czyli poziomu \u017cycia, kwestii inflacji. To temat zawsze numer jeden, ale bezpiecze\u0144stwo jest fundamentalne i trudno o tym nie m\u00f3wi\u0107 w dzisiejszej sytuacji geopolitycznej, kiedy toczy si\u0119 wojna za nasz\u0105 wschodni\u0105 granic\u0105\u201d \u2013\u00a0<a href=\"https:\/\/wszystkoconajwazniejsze.pl\/pepites\/rafal-trzaskowski-moze-wygrac-wybory-prezydenckie-2025\/\">m\u00f3wi\u0142 w pa\u017adzierniku 2024 r.\u00a0<strong>Rafa\u0142 TRZASKOWSKI<\/strong>.<\/a><\/p>\n<p>\u201eNiestety, dzi\u015b nie mamy do czynienia z presj\u0105 migracyjn\u0105, kt\u00f3ra by\u0142aby samoistna, lecz z elementem wojny hybrydowej. Rosjanie i Bia\u0142orusini specjalnie u\u017cywaj\u0105 tego elementu, \u017ceby zagrozi\u0107 naszej granicy, sia\u0107 destabilizacj\u0119 i nas wszystkich straszy\u0107. Dzi\u015b m\u00f3wimy: granica b\u0119dzie zabezpieczona. Wysy\u0142amy w ten spos\u00f3b sygna\u0142 ca\u0142emu \u015bwiatu\u201d \u2013 twierdzi\u0142 jesieni\u0105 2024 r. wiceprzewodnicz\u0105cy PO.<\/p>\n<h3 class=\"wp-block-heading\">Po trzecie: nie dla z\u0142ot\u00f3wki, tak dla euro<\/h3>\n<p><strong>Rafa\u0142 TRZASKOWSKI<\/strong>\u00a0jest zwolennikiem wprowadzenia euro w Polsce jeszcze w tym p\u00f3\u0142wieczu. Chocia\u017c polityk w trakcie kampanii wyborczych zaznacza\u0142 przy tym, i\u017c data kiedy dok\u0142adnie euro mia\u0142oby sta\u0107 si\u0119 walut\u0105 Polski jest trudne do okre\u015blenia, to w jego przekonaniu stanie to si\u0119 w przeci\u0105gu najbli\u017cszych dwudziestu lat.<\/p>\n<p>\u201eNikt nie chce w tej chwili wprowadza\u0107 euro. Prawd\u0105 jest to, \u017ce my, Polki i Polacy, zdecydowali\u015bmy o przyj\u0119ciu jej w Traktacie Akcesyjnym. Na szcz\u0119\u015bcie, to my wybierzemy kiedy to si\u0119 stanie. Mo\u017ce za 20 lat; a mo\u017ce d\u0142u\u017cej lub kr\u00f3cej. Trzeba sobie powiedzie\u0107: je\u015bli chcemy by\u0107 bezpieczni, to jednym z najwa\u017cniejszych argument\u00f3w jest przyj\u0119cie euro, bo wszyscy przyjd\u0105 broni\u0107 kogo\u015b, kto przyj\u0105\u0142 wsp\u00f3ln\u0105 walut\u0119. Dzi\u015b nie jeste\u015bmy na to gotowi\u201d \u2013 m\u00f3wi\u0142\u00a0Rafa\u0142 TRZASKOWSKI\u00a018 pa\u017adziernika 2024 r. podczas przedwyborczego spotkania w Bielsko-Bia\u0142ej.<\/p>\n<p>Chocia\u017c wiceszef Platformy Obywatelskiej od dawna popiera akcesj\u0119 Polski do Strefy Euro, to wydaje si\u0119, \u017ce w por\u00f3wnaniu do jego pogl\u0105d\u00f3w z chocia\u017cby 2016 r. przed wyborami prezydenckimi 2020 r. a nast\u0119pnie przed wyborami prezydenkimi w 2025 r. nast\u0105pi\u0142o pewne z\u0142agodzenie narracji \u2013 tj. nie opiera si\u0119 ono ju\u017c nad\u0105\u017ceniu do wzgl\u0119dnie szybkiego zaprowadzenia euro nad Wis\u0142\u0105. W 2016 r. chocia\u017cby przekonywa\u0142, i\u017c brak wej\u015bcia do Strefy Euro jest r\u00f3wnoznaczny z marginalizacj\u0105 znaczenia Polski w Unii Europejskiej. \u201eNie damy si\u0119 zmarginalizowa\u0107, dlatego musimy r\u00f3wnie\u017c m\u00f3wi\u0107 o tematach trudnych takich, jak wej\u015bcie do strefy euro, bo my nie mo\u017cemy sobie pozwoli\u0107 na to, \u017ceby by\u0107 na marginesie Unii Europejskiej\u201d \u2013 dowodzi\u0142\u00a0<strong>Rafa\u0142 TRZASKOWSKI\u00a0<\/strong>w 2016 r.<\/p>\n<h3><span style=\"color: #ff0000;\">Ca\u0142a Polska Naprz\u00f3d!<\/span><\/h3>\n","protected":false},"excerpt":{"rendered":"<p>Jaki ma Rafa\u0142 TRZASKOWSKI program, z kt\u00f3rym idzie do wybor\u00f3w prezydenckich 2025 roku? Co proponuje Rafa\u0142 TRZASKOWSKI wyborcom? Jakie zapowiedzi Rafa\u0142a TRZASKOWSKIEGO jak dot\u0105d zosta\u0142y najbardziej zauwa\u017cone? Rafa\u0142 TRZASKOWSKI jest politykiem rz\u0105dz\u0105cej dzi\u015b partii \u2013 Platformy Obywatelskiej, od 2020 r. jest wiceprzewodnicz\u0105cym tego ugrupowania. Jest tak\u017ce prezydentem Warszawy. Po pierwsze: liberalizacja prawa aborcyjnego Wiceprzewodnicz\u0105cy Platformy [&hellip;]<\/p>\n","protected":false},"author":1,"featured_media":1582,"comment_status":"closed","ping_status":"closed","sticky":false,"template":"","format":"standard","meta":{"footnotes":""},"categories":[1],"tags":[439],"class_list":["post-1580","post","type-post","status-publish","format-standard","has-post-thumbnail","hentry","category-bez-kategorii","tag-rafal-trzaskowski"],"_links":{"self":[{"href":"https:\/\/ewyspiarz.info\/ogloszenia\/wp-json\/wp\/v2\/posts\/1580","targetHints":{"allow":["GET"]}}],"collection":[{"href":"https:\/\/ewyspiarz.info\/ogloszenia\/wp-json\/wp\/v2\/posts"}],"about":[{"href":"https:\/\/ewyspiarz.info\/ogloszenia\/wp-json\/wp\/v2\/types\/post"}],"author":[{"embeddable":true,"href":"https:\/\/ewyspiarz.info\/ogloszenia\/wp-json\/wp\/v2\/users\/1"}],"replies":[{"embeddable":true,"href":"https:\/\/ewyspiarz.info\/ogloszenia\/wp-json\/wp\/v2\/comments?post=1580"}],"version-history":[{"count":0,"href":"https:\/\/ewyspiarz.info\/ogloszenia\/wp-json\/wp\/v2\/posts\/1580\/revisions"}],"wp:featuredmedia":[{"embeddable":true,"href":"https:\/\/ewyspiarz.info\/ogloszenia\/wp-json\/"}],"wp:attachment":[{"href":"https:\/\/ewyspiarz.info\/ogloszenia\/wp-json\/wp\/v2\/media?parent=1580"}],"wp:term":[{"taxonomy":"category","embeddable":true,"href":"https:\/\/ewyspiarz.info\/ogloszenia\/wp-json\/wp\/v2\/categories?post=1580"},{"taxonomy":"post_tag","embeddable":true,"href":"https:\/\/ewyspiarz.info\/ogloszenia\/wp-json\/wp\/v2\/tags?post=1580"}],"curies":[{"name":"wp","href":"https:\/\/api.w.org\/{rel}","templated":true}]}}