{"id":1701,"date":"2025-03-17T14:10:14","date_gmt":"2025-03-17T13:10:14","guid":{"rendered":"https:\/\/host34504.iqhs.pl\/swinoujscie\/?p=1701"},"modified":"2025-03-17T14:10:14","modified_gmt":"2025-03-17T13:10:14","slug":"wyjatkowy-koncert-w-sanktuarium-chrystusa-krola-w-swinoujsciu","status":"publish","type":"post","link":"https:\/\/ewyspiarz.info\/ogloszenia\/2025\/03\/17\/wyjatkowy-koncert-w-sanktuarium-chrystusa-krola-w-swinoujsciu\/","title":{"rendered":"Wyj\u0105tkowy koncert w Sanktuarium  Chrystusa Kr\u00f3la w \u015awinouj\u015bciu"},"content":{"rendered":"<div id=\"gwp2dfa7a67_gwp53bf80f0_gwp53bf80f0\">\n<div id=\"gwp2dfa7a67_gwp53bf80f0_gwp53bf80f0h\">\n<div class=\"gwp2dfa7a67_gwp53bf80f0_gwp53bf80f0b\" data-message-body=\"true\">W \u015brod\u0119, 2 kwietnia, przypada 20. rocznica odej\u015bcia do domu Ojca naszego wielkiego Rodaka, autorytetu i wzoru duchowo\u015bci dla milion\u00f3w ludzi na \u015bwiecie \u2014 \u015bw. Jana Paw\u0142a II. Z tej okazji Miejski Dom Kultury oraz Sanktuarium Chrystusa Kr\u00f3la, we wsp\u00f3\u0142pracy z Urz\u0119dem Miasta \u015awinouj\u015bcie przygotowuj\u0105 wyj\u0105tkowe wydarzenie, jakim b\u0119dzie koncert po\u015bwi\u0119cony pami\u0119ci Papie\u017ca. Do jego stworzenia zaproszono wybitnych muzyk\u00f3w, kt\u00f3rzy w swojej dzia\u0142alno\u015bci\u00a0podkre\u015blaj\u0105 przywi\u0105zanie do warto\u015bci jakie g\u0142osi\u0142 \u015bw. Jan Pawe\u0142 II.<\/div>\n<\/div>\n<div>Wokalistk\u0105 koncertu b\u0119dzie\u00a0<b>Basia Pospieszalska<\/b>\u00a0\u2014 absolwentka Akademii Muzycznej im. Stanis\u0142awa Moniuszki w Gda\u0144sku oraz Wydzia\u0142u Jazzu w\u00a0<span class=\"gwp2dfa7a67_gwp53bf80f0_hiddenSpellError\">ZPSM<\/span>\u00a0im. Fryderyka Chopina w Warszawie w klasie wokalistyki jazzowej. Wychowana w rodzinie muzyk\u00f3w, dzi\u0119ki czemu ju\u017c od dziecka uczestniczy\u0142a w licznych projektach muzycznych, koncertach oraz wyst\u0119powa\u0142a na wielu presti\u017cowych scenach m.in. Filharmonii Narodowej, Teatru Wielkiego, Filharmonii w Hamburgu, Filharmonii Szczeci\u0144skiej, Filharmonii Ba\u0142tyckiej.<\/div>\n<\/div>\n<div>Wsp\u00f3\u0142pracowa\u0142a i nagrywa\u0142a z takimi artystami jak Joachim\u00a0<span class=\"gwp2dfa7a67_gwp53bf80f0_hiddenSpellError\">Mencel<\/span>, Maciej Sika\u0142a, Bogdan Ho\u0142ownia, Maciej Miecznikowski,\u00a0<span class=\"gwp2dfa7a67_gwp53bf80f0_hiddenSpellError\">Maleo<\/span>\u00a0Reggae Rockers, Kinga Preis, Dariusz Kowalski czy Adam Woronowicz. Ma na koncie z\u0142ot\u0105 p\u0142yt\u0119 u boku O.S.T.R.<\/div>\n<div>Nagra\u0142a r\u00f3wnie\u017c kilka p\u0142yt z rodzin\u0105. Na co dzie\u0144 tworzy kwintet Mateusza Pospieszalskiego, ponadto dzia\u0142a w wielu zespo\u0142ach na scenie muzyki chrze\u015bcija\u0144skiej. Obok muzyki jej ogromn\u0105 pasj\u0105 jest filozofia, wi\u0119c opr\u00f3cz \u015bpiewania r\u00f3wnolegle studiuje filozofi\u0119 na Uniwersytecie Gda\u0144skim.<\/div>\n<div>Wokalistce towarzyszy\u0107 b\u0119dzie zesp\u00f3\u0142, a w nim wybitny kontrabasista \u2014\u00a0<b>Micha\u0142 B\u0105k<\/b>. Jest absolwentem Akademii Muzycznej im. Karola Szymanowskiego w Katowicach na wydziale instrumentalnym oraz jazzowym. W latach 2010 \u2013 2012 jako kameralista uczestniczy\u0142 w wielu wydarzeniach koncertowych, m.in. \u201ePenderecki\/Greenwood\u201d w\u00a0<span class=\"gwp2dfa7a67_gwp53bf80f0_hiddenSpellError\">Barbican<\/span>\u00a0Center w Londynie czy te\u017c Open&#8217;er\u00a0<span class=\"gwp2dfa7a67_gwp53bf80f0_hiddenSpellError\">Festival<\/span>. Jako kontrabasista specjalizuje si\u0119 nie tylko muzyce jazzowej, ale tak\u017ce w historycznym wykonawstwie muzyki dawnej pracuj\u0105c z takimi zespo\u0142ami jak: {Oh!}\u00a0<span class=\"gwp2dfa7a67_gwp53bf80f0_hiddenGrammarError\">Orkiestra Historyczna, Arte dei Suonatori czy Holland Baroque, koncertuj\u0105c m.in. w Polsce, Holandii, Niemczech, Hiszpanii, Czechach, Danii i Chinach.<\/span>\u00a0We wrze\u015bniu 2017 roku wyda\u0142 p\u0142yt\u0119 \u201e<span class=\"gwp2dfa7a67_gwp53bf80f0_hiddenSpellError\">Quartetto<\/span>\u201d prezentuj\u0105c\u0105 sw\u00f3j autorski materia\u0142 inspirowany muzyk\u0105 dawn\u0105 i wsp\u00f3\u0142czesn\u0105 improwizacj\u0105 jazzow\u0105. W lipcu 2021 roku wyda\u0142 drugi album pt. \u201e<span class=\"gwp2dfa7a67_gwp53bf80f0_hiddenSpellError\">Fortress<\/span>\u201d. W 2020 roku podj\u0105\u0142 wsp\u00f3\u0142prac\u0119 z Basi\u0105 Pospieszalsk\u0105, tworz\u0105c aran\u017cacje tradycyjnych pie\u015bni katolickich w minimalistycznej ods\u0142onie na g\u0142os i kontrabas. W pa\u017adzierniku 2021 ukaza\u0142 si\u0119 album pt. \u201ePie\u015bni\u201d z tym materia\u0142em.\u00a0Od lat bierze udzia\u0142 w licznych projektach, wsp\u00f3\u0142pracuj\u0105c z: Krystyn\u0105 Sta\u0144ko, \u201eJerzy Ma\u0142ek Group\u201d, Adamem\u00a0<span class=\"gwp2dfa7a67_gwp53bf80f0_hiddenSpellError\">Ba\u0142dychem<\/span>, Leszkiem Ku\u0142akowskim, Leszkiem Mo\u017cd\u017cerem, Dominikiem Bukowskim, Kari Sal, \u201eKamil Piotrowicz\u00a0<span class=\"gwp2dfa7a67_gwp53bf80f0_hiddenSpellError\">Quintet<\/span>\u201d, Alicj\u0105\u00a0<span class=\"gwp2dfa7a67_gwp53bf80f0_hiddenSpellError\">Serowik<\/span>, zespo\u0142em\u00a0<span class=\"gwp2dfa7a67_gwp53bf80f0_hiddenSpellError\">Horeb<\/span>, z kwartetem ASAF, Wroc\u0142awsk\u0105 Orkiestr\u0105 Barokow\u0105, Capell\u0105\u00a0<span class=\"gwp2dfa7a67_gwp53bf80f0_hiddenSpellError\">Cracoviensis<\/span>, Gdy\u0144sk\u0105 Orkiestr\u0105 Kameraln\u0105 \u201eSinfonia\u00a0<span class=\"gwp2dfa7a67_gwp53bf80f0_hiddenSpellError\">Nordica<\/span>\u201d, Oper\u0105 Ba\u0142tyck\u0105 w Gda\u0144sku (jako lider grupy kontrabas\u00f3w).<\/div>\n<div>Wydarzenie poprowadzi\u00a0<b>Hubert Kowalski<\/b>\u00a0\u2014 dyrygent, kompozytor, producent muzyczny, kontrabasista. Studiowa\u0142 dyrygentur\u0119 ch\u00f3raln\u0105 w Krakowskiej Akademii Muzycznej. Prowadzi warsztaty wokalne i instrumentalne w ca\u0142ej Polsce oraz poza jej granicami. Przez kilkana\u015bcie lat pracowa\u0142 z Ch\u00f3rem Polskiego Radia. Dyryguje kompozycje w\u0142asne oraz dzie\u0142a mistrz\u00f3w wsp\u00f3\u0142pracuj\u0105c z rozmaitymi orkiestrami Filharmonii Podkarpackiej, Dolno\u015bl\u0105skiej, \u0141\u00f3dzkiej, Cz\u0119stochowskiej, \u015al\u0105skiej, Toru\u0144sk\u0105 Orkiestr\u0105 Symfoniczn\u0105, Symfoniczn\u0105 Orkiestr\u0105 Narodowego Forum Muzyki, Orkiestr\u0105 Kameraln\u0105\u00a0<span class=\"gwp2dfa7a67_gwp53bf80f0_hiddenSpellError\">Archetti<\/span>. Od 2007 roku prowadzi za\u0142o\u017con\u0105 przez siebie\u00a0<span class=\"gwp2dfa7a67_gwp53bf80f0_hiddenSpellError\">Icon<\/span>\u00a0Orkiestra, z kt\u00f3r\u0105 realizowa\u0142 projekty z Micha\u0142em Urbaniakiem, Joachimem\u00a0<span class=\"gwp2dfa7a67_gwp53bf80f0_hiddenSpellError\">Menclem<\/span>, Piotrem Baronem, Raz Dwa Trzy, New Life M. Wsp\u00f3\u0142praca z zespo\u0142em Raz Dwa Trzy zaowocowa\u0142a produkcj\u0105 muzyczn\u0105 Jubileuszu 25 lat grupy w Narodowym Forum Muzyki we Wroc\u0142awiu realizowan\u0105 dla TVP<span class=\"gwp2dfa7a67_gwp53bf80f0_hiddenGrammarError\">,<\/span>\u00a0wydaniem jubileuszowego albumu CD z nowymi wersjami symfonicznymi piosenek zespo\u0142u oraz kolejnymi koncertami \u2013 w Filharmonii Narodowej oraz z Narodow\u0105 Orkiestr\u0105 Symfoniczn\u0105 Polskiego Radia w Katowicach. Jest liderem grupy Tylko Ty sk\u0142adaj\u0105cej si\u0119 ze szczeg\u00f3lnie uzdolnionych stypendyst\u00f3w Fundacji Dzie\u0142o Nowego Tysi\u0105clecia. Od 5 lat dyryguje orkiestr\u0105 podczas najwi\u0119kszego w Europie koncertu uwielbienia Jednego Serca, Jednego Ducha w Rzeszowie. Jest producentem wielu koncert\u00f3w realizowanych dla Polskiego Radia i Telewizji. Poprowadzi\u0142 ch\u00f3r i orkiestr\u0119 podczas nagrania Hymnu \u015awiatowych Dni M\u0142odych Krak\u00f3w 2016.<\/div>\n<div>W programie koncertu planowane s\u0105 oczywi\u015bcie utwory jednoznacznie kojarzone z pontyfikatem Jana Paw\u0142a II, tradycyjne pie\u015bni wielkopostne i maryjne oraz, jak m\u00f3wi zesp\u00f3\u0142, co\u015b jeszcze. Przygotowywana jest te\u017c niespodzianka muzyczna,\u00a0<b>we\u00a0<\/b><b>wsp\u00f3\u0142pracy z wokalistami \u015bwinoujskiego Miejskiego Domu Kultury<\/b>.<\/div>\n<div><\/div>\n<div>Koncert odb\u0119dzie si\u0119 w\u00a0<b>Sanktuarium Chrystusa Kr\u00f3la<\/b>, przy pl. Ko\u015bcielnym,\u00a0<b>2 kwietnia 2025<\/b>, o godz.\u00a0<b>19:30<\/b>.<\/div>\n<div><\/div>\n<div><b>Wst\u0119p na\u00a0<\/b><span class=\"gwp2dfa7a67_gwp53bf80f0_hiddenGrammarError\"><b>wydarzenie<\/b><\/span><b>\u00a0jest bezp\u0142atny.<\/b><\/div>\n<div><\/div>\n<div><span class=\"gwp2dfa7a67_gwp53bf80f0_hiddenGrammarError\">tekst<\/span>\u00a0i foto: organizatorzy<\/div>\n","protected":false},"excerpt":{"rendered":"<p>W \u015brod\u0119, 2 kwietnia, przypada 20. rocznica odej\u015bcia do domu Ojca naszego wielkiego Rodaka, autorytetu i wzoru duchowo\u015bci dla milion\u00f3w ludzi na \u015bwiecie \u2014 \u015bw. Jana Paw\u0142a II. Z tej okazji Miejski Dom Kultury oraz Sanktuarium Chrystusa Kr\u00f3la, we wsp\u00f3\u0142pracy z Urz\u0119dem Miasta \u015awinouj\u015bcie przygotowuj\u0105 wyj\u0105tkowe wydarzenie, jakim b\u0119dzie koncert po\u015bwi\u0119cony pami\u0119ci Papie\u017ca. Do jego [&hellip;]<\/p>\n","protected":false},"author":1,"featured_media":1702,"comment_status":"closed","ping_status":"closed","sticky":false,"template":"","format":"standard","meta":{"footnotes":""},"categories":[80],"tags":[329,464,507],"class_list":["post-1701","post","type-post","status-publish","format-standard","has-post-thumbnail","hentry","category-miedzyzdroje","tag-miejski-dom-kultury","tag-sanktuarium-chrystusa-krola","tag-swinoujscie"],"_links":{"self":[{"href":"https:\/\/ewyspiarz.info\/ogloszenia\/wp-json\/wp\/v2\/posts\/1701","targetHints":{"allow":["GET"]}}],"collection":[{"href":"https:\/\/ewyspiarz.info\/ogloszenia\/wp-json\/wp\/v2\/posts"}],"about":[{"href":"https:\/\/ewyspiarz.info\/ogloszenia\/wp-json\/wp\/v2\/types\/post"}],"author":[{"embeddable":true,"href":"https:\/\/ewyspiarz.info\/ogloszenia\/wp-json\/wp\/v2\/users\/1"}],"replies":[{"embeddable":true,"href":"https:\/\/ewyspiarz.info\/ogloszenia\/wp-json\/wp\/v2\/comments?post=1701"}],"version-history":[{"count":0,"href":"https:\/\/ewyspiarz.info\/ogloszenia\/wp-json\/wp\/v2\/posts\/1701\/revisions"}],"wp:featuredmedia":[{"embeddable":true,"href":"https:\/\/ewyspiarz.info\/ogloszenia\/wp-json\/"}],"wp:attachment":[{"href":"https:\/\/ewyspiarz.info\/ogloszenia\/wp-json\/wp\/v2\/media?parent=1701"}],"wp:term":[{"taxonomy":"category","embeddable":true,"href":"https:\/\/ewyspiarz.info\/ogloszenia\/wp-json\/wp\/v2\/categories?post=1701"},{"taxonomy":"post_tag","embeddable":true,"href":"https:\/\/ewyspiarz.info\/ogloszenia\/wp-json\/wp\/v2\/tags?post=1701"}],"curies":[{"name":"wp","href":"https:\/\/api.w.org\/{rel}","templated":true}]}}