{"id":2418,"date":"2025-05-18T17:39:55","date_gmt":"2025-05-18T15:39:55","guid":{"rendered":"https:\/\/ewyspiarz.info\/?p=2418"},"modified":"2025-05-18T17:39:55","modified_gmt":"2025-05-18T15:39:55","slug":"polsca-unity-line-i-polferries-lacza-sily-pod-wspolna-marka","status":"publish","type":"post","link":"https:\/\/ewyspiarz.info\/ogloszenia\/2025\/05\/18\/polsca-unity-line-i-polferries-lacza-sily-pod-wspolna-marka\/","title":{"rendered":"POLSCA \u2013 Unity Line i Polferries \u0142\u0105cz\u0105 si\u0142y pod wsp\u00f3ln\u0105 mark\u0105"},"content":{"rendered":"<p>Zarz\u0105dy sp\u00f3\u0142ek, kt\u00f3rych promy zarz\u0105dzane s\u0105 przez Unity Line (Grupa Polska \u017begluga Morska i Euroafrica Linie \u017beglugowe) oraz Polferries (Polska \u017begluga Ba\u0142tycka) og\u0142aszaj\u0105 rozpocz\u0119cie wsp\u00f3\u0142pracy pod wsp\u00f3ln\u0105 mark\u0105 POLSCA Baltic Ferries. To prze\u0142omowe partnerstwo otwiera nowy rozdzia\u0142 w historii polskiej \u017ceglugi promowej, wzmocnienie pozycji i udzia\u0142\u00f3w w rynku promowych przewoz\u00f3w pasa\u017cerskich i towarowych w relacjach transportu morskiego mi\u0119dzy Skandynawi\u0105 i Kontynentem.<\/p>\n<p>Pierwszym, oficjalnym krokiem by\u0142o podpisanie umowy o wsp\u00f3\u0142pracy podczas konferencji prasowej, kt\u00f3ra odby\u0142a si\u0119 16 maja 2025 r. o godzinie 10:30 w Hotelu Radisson Blu w Szczecinie. W wydarzeniu wzi\u0105\u0142 udzia\u0142 Sekretarz Stanu w Ministerstwie Infrastruktury, Arkadiusz Marchewka oraz licznie zaproszeni go\u015bcie i dziennikarze.<\/p>\n<p>POLSCA \u2013 korzy\u015bci dla pasa\u017cer\u00f3w i partner\u00f3w biznesowych<\/p>\n<p>Po\u0142\u0105czenie si\u0142 Unity Line i Polferries pozwoli wykorzysta\u0107 wieloletnie do\u015bwiadczenie, tradycj\u0119 oraz potencja\u0142 obu firm, zdobywaj\u0105c zaufanie klient\u00f3w i partner\u00f3w na rynku przewoz\u00f3w pasa\u017cerskich oraz towarowych. Integracja pod mark\u0105 POLSCA Baltic Ferries przyniesie szereg korzy\u015bci, w tym:<\/p>\n<p>\u25cf\u00a0\u00a0\u00a0\u00a0\u00a0\u00a0\u00a0\u00a0\u00a0\u00a0\u00a0 rozbudow\u0119 siatki po\u0142\u0105cze\u0144 promowych,<br \/>\n\u25cf\u00a0\u00a0\u00a0\u00a0\u00a0\u00a0\u00a0\u00a0\u00a0\u00a0\u00a0 bezpiecze\u0144stwo dw\u00f3ch stabilnych operator\u00f3w promowych,<br \/>\n\u25cf\u00a0\u00a0\u00a0\u00a0\u00a0\u00a0\u00a0\u00a0\u00a0\u00a0\u00a0 wyj\u0105tkowe standardy obs\u0142ugi pasa\u017cer\u00f3w i przewo\u017anik\u00f3w,<br \/>\n\u25cf\u00a0\u00a0\u00a0\u00a0\u00a0\u00a0\u00a0\u00a0\u00a0\u00a0\u00a0 inwestycje w nowoczesn\u0105, ekologiczn\u0105 flot\u0119 oraz innowacyjne rozwi\u0105zania,<br \/>\n\u25cf\u00a0\u00a0\u00a0\u00a0\u00a0\u00a0\u00a0\u00a0\u00a0\u00a0\u00a0 umocnienie pozycji Polski na rynku transportu morskiego.<\/p>\n<p>Wszystkie dotychczasowe rezerwacje i obs\u0142uga pozostaj\u0105 bez zmian \u2013 dzia\u0142ania integracyjne prowadzone s\u0105 z my\u015bl\u0105 o komforcie podr\u00f3\u017cuj\u0105cych i partner\u00f3w biznesowych.<\/p>\n<p>POLSCA &#8211; proces integracji<\/p>\n<p>Trwaj\u0105 intensywne prace nad dopracowaniem szczeg\u00f3\u0142\u00f3w operacyjnych i formalnych. Powstanie nowej sp\u00f3\u0142ki POLSCA Baltic Ferries podlega\u0107 b\u0119dzie procedurze uzyskania stosownych pozwole\u0144 na rozpocz\u0119cie dzia\u0142alno\u015bci operacyjnej. Jest to ostatni etap wprowadzenia nowego, najwi\u0119kszego operatora na polski rynek us\u0142ug promowych.<\/p>\n<p>POLSCA \u2013 kontakt<\/p>\n<p>Chcesz dowiedzie\u0107 si\u0119 wi\u0119cej o wsp\u00f3lnym projekcie, zmianach w systemie rezerwacji lub planowanych trasach?<br \/>\nkontakt@polsca.com<br \/>\nwww.polsca.com<\/p>\n","protected":false},"excerpt":{"rendered":"<p>Zarz\u0105dy sp\u00f3\u0142ek, kt\u00f3rych promy zarz\u0105dzane s\u0105 przez Unity Line (Grupa Polska \u017begluga Morska i Euroafrica Linie \u017beglugowe) oraz Polferries (Polska \u017begluga Ba\u0142tycka) og\u0142aszaj\u0105 rozpocz\u0119cie wsp\u00f3\u0142pracy pod wsp\u00f3ln\u0105 mark\u0105 POLSCA Baltic Ferries. To prze\u0142omowe partnerstwo otwiera nowy rozdzia\u0142 w historii polskiej \u017ceglugi promowej, wzmocnienie pozycji i udzia\u0142\u00f3w w rynku promowych przewoz\u00f3w pasa\u017cerskich i towarowych w relacjach [&hellip;]<\/p>\n","protected":false},"author":1,"featured_media":2419,"comment_status":"closed","ping_status":"open","sticky":false,"template":"","format":"standard","meta":{"footnotes":""},"categories":[81,85],"tags":[418,566],"class_list":["post-2418","post","type-post","status-publish","format-standard","has-post-thumbnail","hentry","category-region","category-swinoujscie","tag-polsca","tag-unity-line-i-polferries"],"_links":{"self":[{"href":"https:\/\/ewyspiarz.info\/ogloszenia\/wp-json\/wp\/v2\/posts\/2418","targetHints":{"allow":["GET"]}}],"collection":[{"href":"https:\/\/ewyspiarz.info\/ogloszenia\/wp-json\/wp\/v2\/posts"}],"about":[{"href":"https:\/\/ewyspiarz.info\/ogloszenia\/wp-json\/wp\/v2\/types\/post"}],"author":[{"embeddable":true,"href":"https:\/\/ewyspiarz.info\/ogloszenia\/wp-json\/wp\/v2\/users\/1"}],"replies":[{"embeddable":true,"href":"https:\/\/ewyspiarz.info\/ogloszenia\/wp-json\/wp\/v2\/comments?post=2418"}],"version-history":[{"count":0,"href":"https:\/\/ewyspiarz.info\/ogloszenia\/wp-json\/wp\/v2\/posts\/2418\/revisions"}],"wp:featuredmedia":[{"embeddable":true,"href":"https:\/\/ewyspiarz.info\/ogloszenia\/wp-json\/"}],"wp:attachment":[{"href":"https:\/\/ewyspiarz.info\/ogloszenia\/wp-json\/wp\/v2\/media?parent=2418"}],"wp:term":[{"taxonomy":"category","embeddable":true,"href":"https:\/\/ewyspiarz.info\/ogloszenia\/wp-json\/wp\/v2\/categories?post=2418"},{"taxonomy":"post_tag","embeddable":true,"href":"https:\/\/ewyspiarz.info\/ogloszenia\/wp-json\/wp\/v2\/tags?post=2418"}],"curies":[{"name":"wp","href":"https:\/\/api.w.org\/{rel}","templated":true}]}}