{"id":2689,"date":"2025-06-16T01:25:44","date_gmt":"2025-06-15T23:25:44","guid":{"rendered":"https:\/\/ewyspiarz.info\/?p=2689"},"modified":"2025-06-16T01:25:44","modified_gmt":"2025-06-15T23:25:44","slug":"weekend-z-marynarka-wojenna-oraz-urodziny-swinoujscia","status":"publish","type":"post","link":"https:\/\/ewyspiarz.info\/ogloszenia\/2025\/06\/16\/weekend-z-marynarka-wojenna-oraz-urodziny-swinoujscia\/","title":{"rendered":"Weekend z Marynark\u0105 Wojenn\u0105 oraz urodziny \u015awinouj\u015bcia!"},"content":{"rendered":"<p>Weekend z Marynark\u0105 Wojenn\u0105 oraz urodziny \u015awinouj\u015bcia!<\/p>\n<p>W ostatni weekend czerwca zapraszamy do wsp\u00f3lnego \u015bwi\u0119towania Dnia Marynarki Wojennej, kt\u00f3ry tradycyjnie zamyka obchody \u015awi\u0119ta Morza. W tym roku szczeg\u00f3ln\u0105 okazj\u0119 do \u015bwi\u0119towania maj\u0105 tak\u017ce 8 Flotylla Obrony Wybrze\u017ca, obchodz\u0105ca swoje 60-lecie, oraz \u015awinouj\u015bcie, kt\u00f3re \u015bwi\u0119tuje 260. rocznic\u0119 nadania praw miejskich. Z tej wyj\u0105tkowej okazji otwieramy bramy Morskiego Portu Wojennego w \u015awinouj\u015bciu dla wszystkich go\u015bci!<\/p>\n<p>\u015awi\u0119to Morza, znane tak\u017ce jako Dni Morza, obchodzone jest od ponad 90 lat i nierozerwalnie wi\u0105\u017ce si\u0119 z histori\u0105 polskiej obecno\u015bci na Ba\u0142tyku. To wyj\u0105tkowy czas, w kt\u00f3rym \u015bwi\u0119tuj\u0105 marynarze, portowcy, \u017ceglarze, rybacy, stoczniowcy oraz wszyscy, kt\u00f3rych \u017cycie zwi\u0105zane jest z morzem. Kulminacj\u0105 obchod\u00f3w jest Dzie\u0144 Marynarki Wojennej, przypadaj\u0105cy tradycyjnie na ostatni\u0105 niedziel\u0119 czerwca.<\/p>\n<p>Tydzie\u0144 wcze\u015bniej, bo ju\u017c 21 czerwca, odb\u0119dzie si\u0119 parada miejska z okazji 60-lecia powstania 8 Flotylli Obrony Wybrze\u017ca oraz 260-lecia nadania \u015awinouj\u015bciu praw miejskich. Z kolei 24 czerwca w \u015bwinoujskim Amfiteatrze im. Marka Grechuty zostanie odprawiona msza \u015bwi\u0119ta w intencji 8FOW oraz miasta \u015awinouj\u015bcie, po kt\u00f3rej nast\u0105pi przemarsz na pla\u017c\u0119 miejsk\u0105, gdzie odb\u0119dzie si\u0119 po\u015bwi\u0119cenie morza. Obrz\u0119d ten jest cz\u0119\u015bci\u0105 tradycji miasta i odbywa si\u0119 w intencji bezpiecznego wypoczynku wakacyjnego.<\/p>\n<p>Natomiast kilka dni p\u00f3\u017aniej czeka nas impreza jakiej jeszcze nie by\u0142o!<\/p>\n<p>W dniach 27\u201329 czerwca zaplanowano szereg atrakcji, pokaz\u00f3w i koncert\u00f3w dla mieszka\u0144c\u00f3w, turyst\u00f3w oraz wszystkich mi\u0142o\u015bnik\u00f3w morskich klimat\u00f3w. Koncerty oraz cz\u0119\u015b\u0107 wojskowa odb\u0119d\u0105 si\u0119 na terenie Portu Wojennego \u2013 p\u00f3\u0142wysep Zieliny. B\u0119dzie mo\u017cna do nas dotrze\u0107 przez most pontonowy, wej\u015bcie na wysoko\u015bci parkingu za przystani\u0105 prom\u00f3w Adler Schiffe przy Wybrze\u017cu W\u0142adys\u0142awa IV.<\/p>\n<p>Serdecznie zapraszamy do wsp\u00f3lnego \u015bwi\u0119towania razem z marynarzami 8 Flotylli Obrony Wybrze\u017ca \u2013 poni\u017cej prezentujemy program tegorocznych obchod\u00f3w:<\/p>\n<p>21.06. SOBOTA\u00a0\u2013 parada miejska z okazji rocznicy utworzenia 8 Flotylli Obrony Wybrze\u017ca oraz\u00a0260-lecia nadania praw miejskich\u00a0\u015awinouj\u015bciu. Start godzina 14.00 spod Urz\u0119du Miasta i wsp\u00f3lny przemarsz na teren Basenu P\u00f3\u0142nocnego, gdzie na uczestnik\u00f3w czeka\u0107 b\u0119d\u0105 kolejne atrakcje, w tym koncert zespo\u0142u muzycznego.<\/p>\n<p>24.06. WTOREK\u00a0\u2013 Amfiteatr im. Marka Grechuty godz. 19:00 &#8211; msza \u015bwi\u0119ta w intencji 8FOW i miasta \u015awinouj\u015bcie, przemarsz uczestnik\u00f3w na pla\u017c\u0119 i po\u015bwi\u0119cenie wody w intencji bezpiecznych wakacji.<br \/>\n27.06. PI\u0104TEK Rozpocz\u0119cie obchod\u00f3w \u2013 Wybrze\u017ce W\u0142adys\u0142awa IV i Port Wojenny (P\u00f3\u0142wysep Zieliny)<\/p>\n<p>10:00\u00a0\u2013 z\u0142o\u017cenie kwiat\u00f3w pod pomnikiem \u201eTym, kt\u00f3rzy nie powr\u00f3cili z morza\u201d, Plac Rybaka;<\/p>\n<p>ok. 16:45\u00a0\u2013 powitanie parady morskiej ze \u015bwit\u0105 Neptuna, Koncert inauguracyjny Orkiestry Wojskowej, otwarcie mostu pontonowego;<\/p>\n<p>17:00\u201319:00\u00a0\u2013 zwiedzanie okr\u0119t\u00f3w (niszczyciel min, tra\u0142owiec, okr\u0119t dowodzenia si\u0142 obrony przeciwminowej, okr\u0119t transportowo-minowy, kuter transportowy, holownik, motor\u00f3wka hydrograficzna);<\/p>\n<p>20:00\u00a0\u2013 koncert g\u0142\u00f3wny: Kayah i Dawid Kwiatkowski.<\/p>\n<p>28.06. SOBOTA Festyn Marynarski \u2013 teren Portu Wojennego na P\u00f3\u0142wyspie Zieliny (wej\u015bcie mostem pontonowym)\u00a0start o godzinie 12:00<\/p>\n<p>12.00 i 18.00\u00a0\u2013 koncerty Orkiestry Wojskowej ze \u015awinouj\u015bcia;<\/p>\n<p>13:00 \u201318:30\u00a0\u2013 pokazy dynamiczne:<\/p>\n<p>pokaz ratownictwa morskiego;<br \/>\npodstawy szkolenia medycznego;<br \/>\ndzia\u0142ania Wojskowej Stra\u017cy Po\u017carnej.<\/p>\n<p>12:00\u201318:30\u00a0\u2013 zwiedzanie okr\u0119t\u00f3w;<\/p>\n<p>20:00\u00a0\u2013 koncert zespo\u0142u ABBA Show, nast\u0119pnie wyst\u0119p Aria Martelle;<\/p>\n<p>Na g\u0142\u00f3wnej scenie \u2013 wyst\u0119py artystyczne odbywa\u0107 si\u0119 b\u0119d\u0105 przez ca\u0142y dzie\u0144.<\/p>\n<p>Na terenie Portu zaprezentuj\u0105 si\u0119 r\u00f3wnie\u017c nurkowie minerzy, 8 Dywizjon Przeciwlotniczy, 8 Batalion Saper\u00f3w z Dziwnowa. Dost\u0119pna b\u0119dzie strzelnica kontenerowa, a na spragnionych wojskowych specja\u0142\u00f3w czeka\u0107 b\u0119dzie piekarnia i kuchnia polowa z wojskowymi specja\u0142ami.<\/p>\n<p>29.06. NIEDZIELA<\/p>\n<p>12.00 \u2013 17.00\u00a0\u2013 zwiedzanie okr\u0119t\u00f3w;<\/p>\n<p>16.00\u00a0\u2013 koncert Orkiestry Wojskowej ze \u015awinouj\u015bcia;<\/p>\n<p>21.00\u00a0\u2013 koncert rapera O.S.T.R.;<\/p>\n<p>22.50\u00a0\u2013 pokaz fajerwerk\u00f3w.<\/p>\n<p>Dla wszystkich zainteresowanych s\u0142u\u017cb\u0105 wojskow\u0105 b\u0119dzie wystawione stanowisko informacyjne Wojskowego Centrum Rekrutacji w \u015awinouj\u015bciu, gdzie b\u0119dzie mo\u017cna dowiedzie\u0107 si\u0119 o formach i zasadach naboru do s\u0142u\u017cby, w tym Dobrowolnej Zasadniczej S\u0142u\u017cby Wojskowej.<\/p>\n<p>Serdecznie zapraszamy do sp\u0119dzenia tych dni w \u015awinouj\u015bciu z 8 Flotyll\u0105 Obrony Wybrze\u017ca!<\/p>\n<p><strong>ORGANIZATOR<\/strong><\/p>\n","protected":false},"excerpt":{"rendered":"<p>Weekend z Marynark\u0105 Wojenn\u0105 oraz urodziny \u015awinouj\u015bcia! W ostatni weekend czerwca zapraszamy do wsp\u00f3lnego \u015bwi\u0119towania Dnia Marynarki Wojennej, kt\u00f3ry tradycyjnie zamyka obchody \u015awi\u0119ta Morza. W tym roku szczeg\u00f3ln\u0105 okazj\u0119 do \u015bwi\u0119towania maj\u0105 tak\u017ce 8 Flotylla Obrony Wybrze\u017ca, obchodz\u0105ca swoje 60-lecie, oraz \u015awinouj\u015bcie, kt\u00f3re \u015bwi\u0119tuje 260. rocznic\u0119 nadania praw miejskich. Z tej wyj\u0105tkowej okazji otwieramy bramy [&hellip;]<\/p>\n","protected":false},"author":1,"featured_media":2688,"comment_status":"closed","ping_status":"open","sticky":false,"template":"","format":"standard","meta":{"footnotes":""},"categories":[76,85],"tags":[507,599],"class_list":["post-2689","post","type-post","status-publish","format-standard","has-post-thumbnail","hentry","category-imprezy","category-swinoujscie","tag-swinoujscie","tag-weekend-z-marynarka-wojenna"],"_links":{"self":[{"href":"https:\/\/ewyspiarz.info\/ogloszenia\/wp-json\/wp\/v2\/posts\/2689","targetHints":{"allow":["GET"]}}],"collection":[{"href":"https:\/\/ewyspiarz.info\/ogloszenia\/wp-json\/wp\/v2\/posts"}],"about":[{"href":"https:\/\/ewyspiarz.info\/ogloszenia\/wp-json\/wp\/v2\/types\/post"}],"author":[{"embeddable":true,"href":"https:\/\/ewyspiarz.info\/ogloszenia\/wp-json\/wp\/v2\/users\/1"}],"replies":[{"embeddable":true,"href":"https:\/\/ewyspiarz.info\/ogloszenia\/wp-json\/wp\/v2\/comments?post=2689"}],"version-history":[{"count":0,"href":"https:\/\/ewyspiarz.info\/ogloszenia\/wp-json\/wp\/v2\/posts\/2689\/revisions"}],"wp:featuredmedia":[{"embeddable":true,"href":"https:\/\/ewyspiarz.info\/ogloszenia\/wp-json\/"}],"wp:attachment":[{"href":"https:\/\/ewyspiarz.info\/ogloszenia\/wp-json\/wp\/v2\/media?parent=2689"}],"wp:term":[{"taxonomy":"category","embeddable":true,"href":"https:\/\/ewyspiarz.info\/ogloszenia\/wp-json\/wp\/v2\/categories?post=2689"},{"taxonomy":"post_tag","embeddable":true,"href":"https:\/\/ewyspiarz.info\/ogloszenia\/wp-json\/wp\/v2\/tags?post=2689"}],"curies":[{"name":"wp","href":"https:\/\/api.w.org\/{rel}","templated":true}]}}