{"id":2726,"date":"2025-07-03T11:21:56","date_gmt":"2025-07-03T09:21:56","guid":{"rendered":"https:\/\/ewyspiarz.info\/?p=2726"},"modified":"2025-07-03T11:21:56","modified_gmt":"2025-07-03T09:21:56","slug":"w-swinoujsciu-ponownie-zagosci-projekt-plaza","status":"publish","type":"post","link":"https:\/\/ewyspiarz.info\/ogloszenia\/2025\/07\/03\/w-swinoujsciu-ponownie-zagosci-projekt-plaza\/","title":{"rendered":"W \u015awinouj\u015bciu  ponownie zago\u015bci Projekt Pla\u017ca"},"content":{"rendered":"<p>W \u015awinouj\u015bciu lato rozpoczyna si\u0119 z prawdziwym rozmachem. Ju\u017c w najbli\u017cszy weekend, od 4 do 6 lipca, na naszej pi\u0119knej pla\u017cy przy wej\u015bciu od Alei Interferie ponownie zago\u015bci Projekt Pla\u017ca \u2013 wydarzenie, kt\u00f3re od lat cieszy si\u0119 ogromnym zainteresowaniem zar\u00f3wno mieszka\u0144c\u00f3w, jak i turyst\u00f3w.<\/p>\n<p>Pla\u017ca na kilka dni zamieni si\u0119 w t\u0119tni\u0105ce \u017cyciem miasteczko, w kt\u00f3rym ka\u017cdy znajdzie co\u015b dla siebie. Na miejscu nie zabraknie sportowych emocji \u2013 b\u0119dzie mo\u017cna rozegra\u0107 mecz siatk\u00f3wki pla\u017cowej, spr\u00f3bowa\u0107 swoich si\u0142 na deskach SUP, a tak\u017ce zmierzy\u0107 si\u0119 ze \u015bciank\u0105 wspinaczkow\u0105. Organizatorzy zadbali r\u00f3wnie\u017c o najm\u0142odszych \u2013 na dzieci b\u0119dzie czeka\u0107 specjalna strefa z atrakcjami i zabawami, kt\u00f3re z pewno\u015bci\u0105 wywo\u0142aj\u0105 u\u015bmiech na niejednej twarzy. W miasteczku pojawi\u0105 si\u0119 tak\u017ce stanowiska partner\u00f3w i sponsor\u00f3w, gdzie b\u0119dzie mo\u017cna pozna\u0107 ciekawe oferty i wzi\u0105\u0107 udzia\u0142 w przygotowanych aktywno\u015bciach.<\/p>\n<p>Projekt Pla\u017ca to nie tylko sport i rekreacja, ale tak\u017ce chwile relaksu przy dobrym kinie. Wieczorami, w Parku Zdrojowym przy altanie koncertowej, zaplanowano pokazy filmowe pod go\u0142ym niebem. W pi\u0105tek na du\u017cym ekranie wy\u015bwietlona zostanie popularna komedia \u201eBarbie\u201d, a p\u00f3\u017anym wieczorem widzowie przenios\u0105 si\u0119 do \u015bwiata \u201eDiuny\u201d. W sobot\u0119 rodziny z dzie\u0107mi b\u0119d\u0105 mog\u0142y obejrze\u0107 przygodow\u0105 animacj\u0119 \u201eSuper-pets\u201d, natomiast mi\u0142o\u015bnicy mocnych wra\u017ce\u0144 zobacz\u0105 najnowsz\u0105 ods\u0142on\u0119 sagi \u201eMad Max: Furiosa\u201d. Letnie kino plenerowe to \u015bwietna okazja, by sp\u0119dzi\u0107 wiecz\u00f3r w przyjaznej, wakacyjnej atmosferze.<\/p>\n<p>Kino plenerowe w Parku Zdrojowym przy altanie koncertowej:<\/p>\n<p>Pi\u0105tek 4 lipca:<\/p>\n<p>\u00b7         18:00 &#8211; &#8222;Barbie&#8221;<\/p>\n<p>\u00b7         21:30 &#8211; &#8222;Diuna&#8221;<\/p>\n<p>Sobota 5 lipca:<\/p>\n<p>\u00b7         18:00 &#8211; &#8222;Super-pets&#8221;<\/p>\n<p>\u00b7         21:30 &#8211; &#8222;Furiosa: Saga Mad Max&#8221;<\/p>\n<p>Sobota przyniesie jeszcze jedn\u0105 muzyczn\u0105 niespodziank\u0119. O godzinie 13:00 na scenie Projektu Pla\u017ca wyst\u0105pi Dominik Dudek, artysta znany ze swojego wyj\u0105tkowego g\u0142osu i ogromnej scenicznej energii. To wydarzenie, kt\u00f3rego nie warto przegapi\u0107.<\/p>\n<p>Zapraszamy serdecznie wszystkich mieszka\u0144c\u00f3w \u015awinouj\u015bcia oraz naszych go\u015bci. Projekt Pla\u017ca 2025 to idealny spos\u00f3b, aby wsp\u00f3lnie powita\u0107 wakacje, sp\u0119dzi\u0107 czas aktywnie, pos\u0142ucha\u0107 dobrej muzyki i poczu\u0107 prawdziw\u0105 letni\u0105 rado\u015b\u0107. Do zobaczenia na pla\u017cy!<\/p>\n<p>Z wyrazami szacunku,<\/p>\n<p>Wojciech Basa\u0142ygo<\/p>\n<p>Podinspektor<\/p>\n<p>Biuro Informacji i Konsultacji Spo\u0142ecznych<\/p>\n","protected":false},"excerpt":{"rendered":"<p>W \u015awinouj\u015bciu lato rozpoczyna si\u0119 z prawdziwym rozmachem. Ju\u017c w najbli\u017cszy weekend, od 4 do 6 lipca, na naszej pi\u0119knej pla\u017cy przy wej\u015bciu od Alei Interferie ponownie zago\u015bci Projekt Pla\u017ca \u2013 wydarzenie, kt\u00f3re od lat cieszy si\u0119 ogromnym zainteresowaniem zar\u00f3wno mieszka\u0144c\u00f3w, jak i turyst\u00f3w. Pla\u017ca na kilka dni zamieni si\u0119 w t\u0119tni\u0105ce \u017cyciem miasteczko, w [&hellip;]<\/p>\n","protected":false},"author":1,"featured_media":2728,"comment_status":"closed","ping_status":"open","sticky":false,"template":"","format":"standard","meta":{"footnotes":""},"categories":[85,87],"tags":[430],"class_list":["post-2726","post","type-post","status-publish","format-standard","has-post-thumbnail","hentry","category-swinoujscie","category-wydarzenia","tag-projekt-plaza"],"_links":{"self":[{"href":"https:\/\/ewyspiarz.info\/ogloszenia\/wp-json\/wp\/v2\/posts\/2726","targetHints":{"allow":["GET"]}}],"collection":[{"href":"https:\/\/ewyspiarz.info\/ogloszenia\/wp-json\/wp\/v2\/posts"}],"about":[{"href":"https:\/\/ewyspiarz.info\/ogloszenia\/wp-json\/wp\/v2\/types\/post"}],"author":[{"embeddable":true,"href":"https:\/\/ewyspiarz.info\/ogloszenia\/wp-json\/wp\/v2\/users\/1"}],"replies":[{"embeddable":true,"href":"https:\/\/ewyspiarz.info\/ogloszenia\/wp-json\/wp\/v2\/comments?post=2726"}],"version-history":[{"count":0,"href":"https:\/\/ewyspiarz.info\/ogloszenia\/wp-json\/wp\/v2\/posts\/2726\/revisions"}],"wp:featuredmedia":[{"embeddable":true,"href":"https:\/\/ewyspiarz.info\/ogloszenia\/wp-json\/"}],"wp:attachment":[{"href":"https:\/\/ewyspiarz.info\/ogloszenia\/wp-json\/wp\/v2\/media?parent=2726"}],"wp:term":[{"taxonomy":"category","embeddable":true,"href":"https:\/\/ewyspiarz.info\/ogloszenia\/wp-json\/wp\/v2\/categories?post=2726"},{"taxonomy":"post_tag","embeddable":true,"href":"https:\/\/ewyspiarz.info\/ogloszenia\/wp-json\/wp\/v2\/tags?post=2726"}],"curies":[{"name":"wp","href":"https:\/\/api.w.org\/{rel}","templated":true}]}}