{"id":2949,"date":"2025-08-07T15:19:21","date_gmt":"2025-08-07T13:19:21","guid":{"rendered":"https:\/\/ewyspiarz.info\/?p=2949"},"modified":"2025-08-07T15:19:21","modified_gmt":"2025-08-07T13:19:21","slug":"pierwsza-miejska-potancowka-w-swinoujsciu","status":"publish","type":"post","link":"https:\/\/ewyspiarz.info\/ogloszenia\/2025\/08\/07\/pierwsza-miejska-potancowka-w-swinoujsciu\/","title":{"rendered":"Pierwsza Miejska Pota\u0144c\u00f3wka w \u015awinouj\u015bciu!"},"content":{"rendered":"<div class=\"x14z9mp xat24cr x1lziwak x1vvkbs xtlvy1s\">Ju\u017c dzi\u015b zapraszamy wszystkich mieszka\u0144c\u00f3w i go\u015bci na wyj\u0105tkow\u0105 zabaw\u0119 pod go\u0142ym niebem!\u00a0<span class=\"html-span xexx8yu xyri2b x18d9i69 x1c1uobl x1hl2dhg x16tdsg8 x1vvkbs x3nfvp2 x1j61x8r x1fcty0u xdj266r xat24cr xm2jcoa x1mpyi22 xxymvpz xlup9mm x1kky2od\"><img loading=\"lazy\" decoding=\"async\" class=\"xz74otr x15mokao x1ga7v0g x16uus16 xbiv7yw\" src=\"https:\/\/static.xx.fbcdn.net\/images\/emoji.php\/v9\/t33\/1\/16\/1f319.png\" alt=\"\ud83c\udf19\" width=\"16\" height=\"16\" \/><\/span><\/div>\n<div class=\"x14z9mp xat24cr x1lziwak x1vvkbs xtlvy1s\"><span class=\"html-span xexx8yu xyri2b x18d9i69 x1c1uobl x1hl2dhg x16tdsg8 x1vvkbs x3nfvp2 x1j61x8r x1fcty0u xdj266r xat24cr xm2jcoa x1mpyi22 xxymvpz xlup9mm x1kky2od\"><img loading=\"lazy\" decoding=\"async\" class=\"xz74otr x15mokao x1ga7v0g x16uus16 xbiv7yw\" src=\"https:\/\/static.xx.fbcdn.net\/images\/emoji.php\/v9\/t2d\/1\/16\/1f4cd.png\" alt=\"\ud83d\udccd\" width=\"16\" height=\"16\" \/><\/span>\u00a0Gdzie? Muszla Koncertowa<br class=\"html-br\" \/><span class=\"html-span xexx8yu xyri2b x18d9i69 x1c1uobl x1hl2dhg x16tdsg8 x1vvkbs x3nfvp2 x1j61x8r x1fcty0u xdj266r xat24cr xm2jcoa x1mpyi22 xxymvpz xlup9mm x1kky2od\"><img loading=\"lazy\" decoding=\"async\" class=\"xz74otr x15mokao x1ga7v0g x16uus16 xbiv7yw\" src=\"https:\/\/static.xx.fbcdn.net\/images\/emoji.php\/v9\/tae\/1\/16\/1f556.png\" alt=\"\ud83d\udd56\" width=\"16\" height=\"16\" \/><\/span>\u00a0Kiedy? Start o godzinie 19:00<\/div>\n<div class=\"x14z9mp xat24cr x1lziwak x1vvkbs xtlvy1s\">Czeka na Was doskona\u0142a muzyka w r\u00f3\u017cnych rytmach\u00a0<span class=\"html-span xexx8yu xyri2b x18d9i69 x1c1uobl x1hl2dhg x16tdsg8 x1vvkbs x3nfvp2 x1j61x8r x1fcty0u xdj266r xat24cr xm2jcoa x1mpyi22 xxymvpz xlup9mm x1kky2od\"><img loading=\"lazy\" decoding=\"async\" class=\"xz74otr x15mokao x1ga7v0g x16uus16 xbiv7yw\" src=\"https:\/\/static.xx.fbcdn.net\/images\/emoji.php\/v9\/t9e\/1\/16\/1f3b5.png\" alt=\"\ud83c\udfb5\" width=\"16\" height=\"16\" \/><\/span>\u00a0\u2013 od przeboj\u00f3w, kt\u00f3re znacie i kochacie, po energetyczne hity do ta\u0144ca! To idealna okazja, by potanczy\u0107, po\u015bmia\u0107 si\u0119 i sp\u0119dzi\u0107 mi\u0142o czas w \u015bwietnym towarzystwie!<\/div>\n<div class=\"x14z9mp xat24cr x1lziwak x1vvkbs xtlvy1s\">abierz znajomych, rodzin\u0119, s\u0105siad\u00f3w \u2013 b\u0119dzie tanecznie, rado\u015bnie i bez nudy! Widzimy si\u0119 na parkiecie pod gwiazdami\u00a0<span class=\"html-span xexx8yu xyri2b x18d9i69 x1c1uobl x1hl2dhg x16tdsg8 x1vvkbs x3nfvp2 x1j61x8r x1fcty0u xdj266r xat24cr xm2jcoa x1mpyi22 xxymvpz xlup9mm x1kky2od\"><img loading=\"lazy\" decoding=\"async\" class=\"xz74otr x15mokao x1ga7v0g x16uus16 xbiv7yw\" src=\"https:\/\/static.xx.fbcdn.net\/images\/emoji.php\/v9\/t8c\/1\/16\/1f389.png\" alt=\"\ud83c\udf89\" width=\"16\" height=\"16\" \/><\/span><\/div>\n<div><\/div>\n<div>\n<blockquote><p>8.08.2025<br \/>\nMuszla Koncertowa<br \/>\nStart o godzinie 19:00<\/p><\/blockquote>\n<p>\u017ar\u00f3d\u0142o: <strong>Miasto \u015awinouj\u015bcie<\/strong><\/p>\n","protected":false},"excerpt":{"rendered":"<p>Ju\u017c dzi\u015b zapraszamy wszystkich mieszka\u0144c\u00f3w i go\u015bci na wyj\u0105tkow\u0105 zabaw\u0119 pod go\u0142ym niebem!\u00a0 \u00a0Gdzie? Muszla Koncertowa\u00a0Kiedy? Start o godzinie 19:00 Czeka na Was doskona\u0142a muzyka w r\u00f3\u017cnych rytmach\u00a0\u00a0\u2013 od przeboj\u00f3w, kt\u00f3re znacie i kochacie, po energetyczne hity do ta\u0144ca! To idealna okazja, by potanczy\u0107, po\u015bmia\u0107 si\u0119 i sp\u0119dzi\u0107 mi\u0142o czas w \u015bwietnym towarzystwie! abierz znajomych, [&hellip;]<\/p>\n","protected":false},"author":1,"featured_media":2950,"comment_status":"closed","ping_status":"open","sticky":false,"template":"","format":"standard","meta":{"footnotes":""},"categories":[76,85,88],"tags":[328,591],"class_list":["post-2949","post","type-post","status-publish","format-standard","has-post-thumbnail","hentry","category-imprezy","category-swinoujscie","category-zaproszenia","tag-miejska-potancowka","tag-w-swinoujsciu"],"_links":{"self":[{"href":"https:\/\/ewyspiarz.info\/ogloszenia\/wp-json\/wp\/v2\/posts\/2949","targetHints":{"allow":["GET"]}}],"collection":[{"href":"https:\/\/ewyspiarz.info\/ogloszenia\/wp-json\/wp\/v2\/posts"}],"about":[{"href":"https:\/\/ewyspiarz.info\/ogloszenia\/wp-json\/wp\/v2\/types\/post"}],"author":[{"embeddable":true,"href":"https:\/\/ewyspiarz.info\/ogloszenia\/wp-json\/wp\/v2\/users\/1"}],"replies":[{"embeddable":true,"href":"https:\/\/ewyspiarz.info\/ogloszenia\/wp-json\/wp\/v2\/comments?post=2949"}],"version-history":[{"count":0,"href":"https:\/\/ewyspiarz.info\/ogloszenia\/wp-json\/wp\/v2\/posts\/2949\/revisions"}],"wp:featuredmedia":[{"embeddable":true,"href":"https:\/\/ewyspiarz.info\/ogloszenia\/wp-json\/"}],"wp:attachment":[{"href":"https:\/\/ewyspiarz.info\/ogloszenia\/wp-json\/wp\/v2\/media?parent=2949"}],"wp:term":[{"taxonomy":"category","embeddable":true,"href":"https:\/\/ewyspiarz.info\/ogloszenia\/wp-json\/wp\/v2\/categories?post=2949"},{"taxonomy":"post_tag","embeddable":true,"href":"https:\/\/ewyspiarz.info\/ogloszenia\/wp-json\/wp\/v2\/tags?post=2949"}],"curies":[{"name":"wp","href":"https:\/\/api.w.org\/{rel}","templated":true}]}}