{"id":2958,"date":"2025-08-09T20:05:08","date_gmt":"2025-08-09T18:05:08","guid":{"rendered":"https:\/\/ewyspiarz.info\/?p=2958"},"modified":"2025-08-09T20:05:08","modified_gmt":"2025-08-09T18:05:08","slug":"bieg-charytatywny-po-lepsze-jutro-na-rzecz-fundacji-wiatr-w-zagle","status":"publish","type":"post","link":"https:\/\/ewyspiarz.info\/ogloszenia\/2025\/08\/09\/bieg-charytatywny-po-lepsze-jutro-na-rzecz-fundacji-wiatr-w-zagle\/","title":{"rendered":"Bieg charytatywny \u201ePo lepsze jutro\u201d na rzecz Fundacji Wiatr w \u017bagle."},"content":{"rendered":"<div class=\"xdj266r x14z9mp xat24cr x1lziwak x1vvkbs x126k92a\">\n<div dir=\"auto\">Drodzy Mieszka\u0144cy \u015awinouj\u015bcia!<\/div>\n<\/div>\n<div class=\"x14z9mp xat24cr x1lziwak x1vvkbs xtlvy1s x126k92a\">\n<div dir=\"auto\">Ju\u017c 6 wrze\u015bnia 2025 roku o godzinie 12:00 w Parku Zdrojowym spotkamy si\u0119, by wsp\u00f3lnie wzi\u0105\u0107 udzia\u0142 w wyj\u0105tkowym wydarzeniu \u2013 Biegu charytatywnym \u201ePo lepsze jutro\u201d na rzecz Fundacji Wiatr w \u017bagle. <span class=\"html-span xexx8yu xyri2b x18d9i69 x1c1uobl x1hl2dhg x16tdsg8 x1vvkbs x3nfvp2 x1j61x8r x1fcty0u xdj266r xat24cr xm2jcoa x1mpyi22 xxymvpz xlup9mm x1kky2od\"><img loading=\"lazy\" decoding=\"async\" class=\"xz74otr x15mokao x1ga7v0g x16uus16 xbiv7yw\" src=\"https:\/\/static.xx.fbcdn.net\/images\/emoji.php\/v9\/ta9\/1\/16\/1f3c3_200d_2640.png\" alt=\"\ud83c\udfc3\u200d\u2640\ufe0f\" width=\"16\" height=\"16\" \/><\/span><span class=\"html-span xexx8yu xyri2b x18d9i69 x1c1uobl x1hl2dhg x16tdsg8 x1vvkbs x3nfvp2 x1j61x8r x1fcty0u xdj266r xat24cr xm2jcoa x1mpyi22 xxymvpz xlup9mm x1kky2od\"><img loading=\"lazy\" decoding=\"async\" class=\"xz74otr x15mokao x1ga7v0g x16uus16 xbiv7yw\" src=\"https:\/\/static.xx.fbcdn.net\/images\/emoji.php\/v9\/t96\/1\/16\/1f49c.png\" alt=\"\ud83d\udc9c\" width=\"16\" height=\"16\" \/><\/span><\/div>\n<\/div>\n<div class=\"x14z9mp xat24cr x1lziwak x1vvkbs xtlvy1s x126k92a\">\n<div dir=\"auto\">Ten dzie\u0144 to nie tylko sportowa rywalizacja, ale przede wszystkim okazja, by po\u0142\u0105czy\u0107 si\u0142y dla tych, kt\u00f3rzy najbardziej potrzebuj\u0105 naszej pomocy.<\/div>\n<div dir=\"auto\">Chcemy, aby to wydarzenie by\u0142o jak najwi\u0119kszym \u015bwi\u0119tem dobroczynno\u015bci i integracji lokalnej spo\u0142eczno\u015bci \u2013 dlatego zapraszamy ka\u017cdego, kto chce wzi\u0105\u0107 udzia\u0142, wesprze\u0107 organizacj\u0119 lub po prostu kibicowa\u0107 uczestnikom.<\/div>\n<\/div>\n<div class=\"x14z9mp xat24cr x1lziwak x1vvkbs xtlvy1s x126k92a\">\n<div dir=\"auto\">Aby bieg m\u00f3g\u0142 si\u0119 odby\u0107 na najwy\u017cszym poziomie, poszukujemy partner\u00f3w i sponsor\u00f3w, kt\u00f3rzy pomog\u0105 w przygotowaniu pakiet\u00f3w startowych, napoj\u00f3w, nagr\u00f3d i innych materia\u0142\u00f3w. W zamian oferujemy nie tylko promocj\u0119 w mediach i podczas wydarzenia, ale przede wszystkim mo\u017cliwo\u015b\u0107 realnego wp\u0142ywu na \u017cycie potrzebuj\u0105cych oraz pokazania, \u017ce w \u015awinouj\u015bciu potrafimy dzia\u0142a\u0107 razem.<\/div>\n<\/div>\n<div class=\"x14z9mp xat24cr x1lziwak x1vvkbs xtlvy1s x126k92a\">\n<div dir=\"auto\"><span class=\"html-span xexx8yu xyri2b x18d9i69 x1c1uobl x1hl2dhg x16tdsg8 x1vvkbs x3nfvp2 x1j61x8r x1fcty0u xdj266r xat24cr xm2jcoa x1mpyi22 xxymvpz xlup9mm x1kky2od\"><img loading=\"lazy\" decoding=\"async\" class=\"xz74otr x15mokao x1ga7v0g x16uus16 xbiv7yw\" src=\"https:\/\/static.xx.fbcdn.net\/images\/emoji.php\/v9\/tc0\/1\/16\/1f4e9.png\" alt=\"\ud83d\udce9\" width=\"16\" height=\"16\" \/><\/span> Kontakt:<\/div>\n<div dir=\"auto\">Jasmina Kaczmarek \u2013 kaczmarekjasmina77@gmail.com | <span class=\"html-span xexx8yu xyri2b x18d9i69 x1c1uobl x1hl2dhg x16tdsg8 x1vvkbs x3nfvp2 x1j61x8r x1fcty0u xdj266r xat24cr xm2jcoa x1mpyi22 xxymvpz xlup9mm x1kky2od\"><img loading=\"lazy\" decoding=\"async\" class=\"xz74otr x15mokao x1ga7v0g x16uus16 xbiv7yw\" src=\"https:\/\/static.xx.fbcdn.net\/images\/emoji.php\/v9\/t22\/1\/16\/260e.png\" alt=\"\u260e\ufe0f\" width=\"16\" height=\"16\" \/><\/span> 570 931 307<\/div>\n<div dir=\"auto\">Karolina Roma\u0144ska \u2013 karolinaromanska1@gmail.com | <span class=\"html-span xexx8yu xyri2b x18d9i69 x1c1uobl x1hl2dhg x16tdsg8 x1vvkbs x3nfvp2 x1j61x8r x1fcty0u xdj266r xat24cr xm2jcoa x1mpyi22 xxymvpz xlup9mm x1kky2od\"><img loading=\"lazy\" decoding=\"async\" class=\"xz74otr x15mokao x1ga7v0g x16uus16 xbiv7yw\" src=\"https:\/\/static.xx.fbcdn.net\/images\/emoji.php\/v9\/t22\/1\/16\/260e.png\" alt=\"\u260e\ufe0f\" width=\"16\" height=\"16\" \/><\/span> 664 704 852<\/div>\n<\/div>\n<div class=\"x14z9mp xat24cr x1lziwak x1vvkbs xtlvy1s x126k92a\">\n<div dir=\"auto\">Razem mo\u017cemy pobiec po lepsze jutro! <span class=\"html-span xexx8yu xyri2b x18d9i69 x1c1uobl x1hl2dhg x16tdsg8 x1vvkbs x3nfvp2 x1j61x8r x1fcty0u xdj266r xat24cr xm2jcoa x1mpyi22 xxymvpz xlup9mm x1kky2od\"><img loading=\"lazy\" decoding=\"async\" class=\"xz74otr x15mokao x1ga7v0g x16uus16 xbiv7yw\" src=\"https:\/\/static.xx.fbcdn.net\/images\/emoji.php\/v9\/t6c\/1\/16\/1f4aa.png\" alt=\"\ud83d\udcaa\" width=\"16\" height=\"16\" \/><\/span><span class=\"html-span xexx8yu xyri2b x18d9i69 x1c1uobl x1hl2dhg x16tdsg8 x1vvkbs x3nfvp2 x1j61x8r x1fcty0u xdj266r xat24cr xm2jcoa x1mpyi22 xxymvpz xlup9mm x1kky2od\"><img loading=\"lazy\" decoding=\"async\" class=\"xz74otr x15mokao x1ga7v0g x16uus16 xbiv7yw\" src=\"https:\/\/static.xx.fbcdn.net\/images\/emoji.php\/v9\/tf4\/1\/16\/2728.png\" alt=\"\u2728\" width=\"16\" height=\"16\" \/><\/span><\/div>\n<\/div>\n<div dir=\"auto\">\n\n<\/div>\n<div dir=\"auto\">\u017ar\u00f3d\u0142o: <strong>ORGANIZATOR<\/strong><\/div>\n","protected":false},"excerpt":{"rendered":"<p>Drodzy Mieszka\u0144cy \u015awinouj\u015bcia! Ju\u017c 6 wrze\u015bnia 2025 roku o godzinie 12:00 w Parku Zdrojowym spotkamy si\u0119, by wsp\u00f3lnie wzi\u0105\u0107 udzia\u0142 w wyj\u0105tkowym wydarzeniu \u2013 Biegu charytatywnym \u201ePo lepsze jutro\u201d na rzecz Fundacji Wiatr w \u017bagle. Ten dzie\u0144 to nie tylko sportowa rywalizacja, ale przede wszystkim okazja, by po\u0142\u0105czy\u0107 si\u0142y dla tych, kt\u00f3rzy najbardziej potrzebuj\u0105 naszej [&hellip;]<\/p>\n","protected":false},"author":1,"featured_media":2959,"comment_status":"closed","ping_status":"open","sticky":false,"template":"","format":"standard","meta":{"footnotes":""},"categories":[84,85,88],"tags":[410],"class_list":["post-2958","post","type-post","status-publish","format-standard","has-post-thumbnail","hentry","category-sport","category-swinoujscie","category-zaproszenia","tag-po-lepsze-jutro"],"_links":{"self":[{"href":"https:\/\/ewyspiarz.info\/ogloszenia\/wp-json\/wp\/v2\/posts\/2958","targetHints":{"allow":["GET"]}}],"collection":[{"href":"https:\/\/ewyspiarz.info\/ogloszenia\/wp-json\/wp\/v2\/posts"}],"about":[{"href":"https:\/\/ewyspiarz.info\/ogloszenia\/wp-json\/wp\/v2\/types\/post"}],"author":[{"embeddable":true,"href":"https:\/\/ewyspiarz.info\/ogloszenia\/wp-json\/wp\/v2\/users\/1"}],"replies":[{"embeddable":true,"href":"https:\/\/ewyspiarz.info\/ogloszenia\/wp-json\/wp\/v2\/comments?post=2958"}],"version-history":[{"count":0,"href":"https:\/\/ewyspiarz.info\/ogloszenia\/wp-json\/wp\/v2\/posts\/2958\/revisions"}],"wp:featuredmedia":[{"embeddable":true,"href":"https:\/\/ewyspiarz.info\/ogloszenia\/wp-json\/"}],"wp:attachment":[{"href":"https:\/\/ewyspiarz.info\/ogloszenia\/wp-json\/wp\/v2\/media?parent=2958"}],"wp:term":[{"taxonomy":"category","embeddable":true,"href":"https:\/\/ewyspiarz.info\/ogloszenia\/wp-json\/wp\/v2\/categories?post=2958"},{"taxonomy":"post_tag","embeddable":true,"href":"https:\/\/ewyspiarz.info\/ogloszenia\/wp-json\/wp\/v2\/tags?post=2958"}],"curies":[{"name":"wp","href":"https:\/\/api.w.org\/{rel}","templated":true}]}}