{"id":2963,"date":"2025-08-10T19:53:55","date_gmt":"2025-08-10T17:53:55","guid":{"rendered":"https:\/\/ewyspiarz.info\/?p=2963"},"modified":"2025-08-10T19:53:55","modified_gmt":"2025-08-10T17:53:55","slug":"5-markowy-festiwal-swinoujscie-14-17-sierpnia-2025-2","status":"publish","type":"post","link":"https:\/\/ewyspiarz.info\/ogloszenia\/2025\/08\/10\/5-markowy-festiwal-swinoujscie-14-17-sierpnia-2025-2\/","title":{"rendered":"5. MARKOWY FESTIWAL | \u015aWINOUJ\u015aCIE, 14\u201317 SIERPNIA 2025"},"content":{"rendered":"<p>Markowy Festiwal w \u015awinouj\u015bciu to jedno z najwi\u0119kszych i najciekawszych wydarze\u0144 artystycznych letniego sezonu nad zachodnim Ba\u0142tykiem. Impreza ma charakter interdyscyplinarny \u2013 dominuje muzyka, ale w bogatym programie Markowego Festiwalu jest miejsce na spektakle teatralne, plenerowe widowiska, wystawy oraz spotkania z osobowo\u015bciami polskiej kultury.<br \/>\nProgram Markowego Festiwalu to cztery dni szczelnie wype\u0142nione artystycznymi propozycjami.<br \/>\nNa legendarnej scenie Amfiteatru im. Marka Grechuty b\u0119dzie mo\u017cna zobaczy\u0107 kultowy musical Studia Buffo \u201eMetro\u201d.<br \/>\nSpecjalny prezent od muzycznych d\u017centelmen\u00f3w otrzymaj\u0105 panie \u2013 w koncercie \u201eWhen a Man Loves a Woman\u201d wyst\u0105pi\u0105: Kuba Badach, Maciej Balcar, Piotr Cugowski, Andrzej Piaseczny, Janusz Radek, Mietek Szcze\u015bniak, S\u0142awek Uniatowski oraz Mateusz Zi\u00f3\u0142ko.<br \/>\nArtur \u017bmijewski za\u015bpiewa najwi\u0119ksze przeboje Leonarda Cohena, z kolei swoje kompozycje zaprezentuje Wojtek Cugowski z zespo\u0142em.<br \/>\nUs\u0142yszymy tak\u017ce \u201eZ\u0142ote nuty polskiej piosenki\u201d w wykonaniu m\u0142odych utalentowanych \u015bwinouj\u015bcian z Pracowni Wokalno-Artystycznej MDK \u015awinouj\u015bcie prowadzonej przez Marin\u0119 Nikoriuk.<br \/>\nW Muszli Koncertowej zabrzmi\u0105 przeboje z musicali w interpretacjach tuz muzycznych teatr\u00f3w \u2013 Anny Federowicz, Wojciecha Kurcjusza, Marty Wiejak oraz Anity i Tomasz Steciuk\u00f3w.<br \/>\n\u0141ukasz Maciejewski do cyklu \u201eRozmowy Festiwalowe\u201d zaprosi\u0142 artyst\u00f3w, kt\u00f3rych przedstawia\u0107 nie trzeba \u2013 Dorota Segda, Gra\u017cyna B\u0142\u0119cka-Kolska, Dorota Pomyka\u0142a oraz Andrzej Grabowski.<br \/>\nNa Markowym Festiwalu nie mo\u017ce zabrakn\u0105\u0107 teatru \u2013 w Amfiteatrze zobaczymy \u201eJutro b\u0119dzie futro\u201d \u2013 wyborn\u0105 fars\u0119 w gwiazdorskiej obsadzie (Anna Gzyra-Augustynowicz, Agnieszka Kaczorowska, Beata Olga Kowalska, Magdalena Turczeniewicz, Wojciech B\u0142ach, Rafa\u0142 Kwietniewski, Tomasz O\u015bwieci\u0144ski, Marek W\u0142odarczyk).<br \/>\nNa placu przy Muszli Koncertowej b\u0119dzie mo\u017cna zobaczy\u0107 plenerowe widowisko Teatru HoM \u201eGolem Godula. Legenda o kr\u00f3lu cynku, diable z Rudy\u201d.<br \/>\nSztuki wizualne reprezentowa\u0107 b\u0119dzie Ma\u0142gorzata Wielek z wystaw\u0105 malarstwa \u201eWake up lazy bones | Obud\u017acie si\u0119 leniwe ko\u015bci\u201d.<\/p>\n<p>W przerwach mi\u0119dzy artystycznymi atrakcjami b\u0119dzie mo\u017cna skorzysta\u0107 z naturalnej oferty kurortu \u2013 wspania\u0142ych pla\u017c, rze\u015bkich w\u00f3d Ba\u0142tyku, znakomitej architektury oraz zachwycaj\u0105cej przyrody. Wyspa Uznam, na kt\u00f3rej po\u0142o\u017cone jest centrum \u015awinouj\u015bcia okre\u015bla si\u0119 \u201ewysp\u0105 s\u0142o\u0144ca\u201d. Faktycznie, wed\u0142ug meteorolog\u00f3w, miejsce to mo\u017ce poszczyci\u0107 si\u0119 najwi\u0119ksz\u0105 nad Ba\u0142tykiem liczb\u0105 s\u0142onecznych dni w roku \u2013 roczna \u015brednia to 1906 s\u0142onecznych godzin.<br \/>\nZnakomita wi\u0119kszo\u015b\u0107 wydarze\u0144 jest niebiletowana. P\u0142atne s\u0105 tylko cztery pozycji \u2013 wydarzenia w Amfiteatrze oraz Sali Teatralnej. Ceny bilet\u00f3w s\u0105 jednak zaskakuj\u0105co niskie \u2013 jedynie 70 z\u0142, a dla mieszka\u0144c\u00f3w \u015awinouj\u015bcia po okazaniu karty Wyspiarza lub Karty Wyspiarza Seniora \u2013 56 z\u0142.<\/p>\n<p><strong>PROGRAM FESTWIALU<\/strong><\/p>\n<p><strong>14 SIERPNIA 2025 | CZWARTEK<\/strong><br \/>\n17.00 | Festiwalowe rozmowy | Dorota Pomyka\u0142a | Prowadzenie: \u0141ukasz Maciejewski<br \/>\nHotel Radisson Blue Resort (wej\u015bcie od strony Promenady) | wst\u0119p wolny<br \/>\n19.00 | Koncert \u201eZ\u0142ote nuty polskiej piosenki\u201d<br \/>\nWykonawcy: Adepci Pracowni Wokalno-Artystycznej MDK \u015awinouj\u015bcie prowadzonej przez<br \/>\nMarin\u0119 Nikoriuk z towarzyszeniem zespo\u0142u pod kierunkiem Alexa Marka<br \/>\nMuszla Koncertowa przy Promenadzie | wst\u0119p wolny<br \/>\n21.00 | Koncert \u201eWhen a Man Loves a Woman\u201d<br \/>\nWykonawcy: Kuba Badach, Maciej Balcar, Piotr Cugowski, Andrzej Piaseczny, Janusz Radek,<br \/>\nMietek Szcze\u015bniak, S\u0142awek Uniatowski, Mateusz Zi\u00f3\u0142ko oraz Kukla Band pod batut\u0105 Zygmunta<br \/>\nKukli Prowadzenie: Artur Orzech<br \/>\nAmfiteatr im. Marka Grechuty | Bilety: 70 z\u0142 \/ 56 z\u0142*<\/p>\n<p><strong>15 SIERPNIA 2025 | PI\u0104TEK<\/strong><br \/>\n17.00 | Festiwalowe rozmowy | Dorota Segda | Prow. \u0141ukasz Maciejewski<br \/>\nHotel Radisson Blue Resort (wej\u015bcie od strony Promenady) | wst\u0119p wolny<br \/>\n19.00 | Koncert \u201eMusicale \u015bwiata\u201d<br \/>\nWykonawcy: Anna Federowicz, Wojciech Kurcjusz, Anita Steciuk, Tomasz Steciuk,<br \/>\nMarta Wiejak<br \/>\nMuszla Koncertowa przy Promenadzie | wst\u0119p wolny<br \/>\n21.00 | Spektakl teatralny \u201eJutro b\u0119dzie futro\u201d<br \/>\nObsada: Anna Gzyra-Augustynowicz, Agnieszka Kaczorowska, Beata Olga Kowalska,<br \/>\nMagdalena Turczeniewicz, Wojciech B\u0142ach, Rafa\u0142 Kwietniewski, Tomasz O\u015bwieci\u0144ski,<br \/>\nMarek W\u0142odarczyk<br \/>\nAmfiteatr im. Marka Grechuty | Bilety: 70 z\u0142 \/ 56 z\u0142*<\/p>\n<p><strong>16 SIERPNIA 2025 | SOBOTA<\/strong><br \/>\n17.00 | Festiwalowe rozmowy | Andrzej Grabowski | Prowadzenie: \u0141ukasz Maciejewski<br \/>\nHotel Radisson Blue Resort (wej\u015bcie od strony Promenady) | wst\u0119p wolny<br \/>\n18.00 | Wernisa\u017c malarstwa Ma\u0142gorzaty Wielek \u201eWake up lazy bones | Obud\u017acie si\u0119 leniwe ko\u015bci\u201d<br \/>\nGaleria Sztuki Wsp\u00f3\u0142czesnej ms44 | wst\u0119p wolny<br \/>\n19.00 | Koncert \u201ePo mi\u0142o\u015bci kres \u2013 Artur \u017bmijewski \u015bpiewa Cohena\u201d<br \/>\nWykonawcy: Artur \u017bmijewski, Ewa \u017bmijewska, Shandrelica \u201eShandy\u201d Casper,<br \/>\nWojciech Pilichowski, Andrzej \u201ee-moll\u201d Kowalczyk<br \/>\nSala Teatralna MDK \u015awinouj\u015bcie | Bilety: 70 z\u0142 \/ 56 z\u0142*<br \/>\n22.00 | Teatr HoM | Spektakl plenerowy \u201eGolem Godula. Legenda o kr\u00f3lu cynku, diable z Rudy\u201d<br \/>\nScenariusz i re\u017cyseria: Jakub Kabus<br \/>\nObsada: Joanna Brodniak-Szymusiak, Julianna Stru\u017cek, Alicja Szymkiewicz, Marta Zielonka,<br \/>\nKamil Ciesielski, Tomasz Fr\u0105szczak, Jakub Kabus, Grzegorz Kr\u00f3l, Szymon Stru\u017cek,<br \/>\nAdam Trzcionka, Krzysztof Wajda, Marcin W\u0142osi\u0144ski<br \/>\nMuszla Koncertowa przy Promenadzie | wst\u0119p wolny<\/p>\n<p>&nbsp;<\/p>\n<p><strong>17 SIERPNIA 2025 | NIEDZIELA<\/strong><br \/>\n17.00 | Festiwalowe rozmowy | Gra\u017cyna B\u0142\u0119cka-Kolska | Prowadzenie: \u0141ukasz Maciejewski<br \/>\nHotel Radisson Blue Resort (wej\u015bcie od strony Promenady) | wst\u0119p wolny<br \/>\n19.00 | Koncert Wojtka Cugowskiego z zespo\u0142em<br \/>\nMuszla Koncertowa przy Promenadzie | wst\u0119p wolny<br \/>\n21.00 | Studio Buffo | Musical METRO<br \/>\nScenariusz, choreografia, re\u017cyseria: Janusz J\u00f3zefowicz<br \/>\nlibretto i teksty piosenek: Agata i Maryna Miklaszewskie<br \/>\n` muzyka: Janusz Stok\u0142osa<br \/>\nAmfiteatr im. Marka Grechuty | Bilety: 70 z\u0142 \/ 56 z\u0142*<\/p>\n<p><strong>Prowadzenie Festiwalu:<\/strong> Zygmunt Chajzer<br \/>\nSPRZEDA\u017b BILET\u00d3W (PUNKTY STACJONARNE):<br \/>\nKasa przy Muszli Koncertowej (25.07\u201317.08.2025) czynna w godz. 16.00\u201321.00<br \/>\nKasa przy Amfiteatrze im. Marka Grechuty (9\u201317.08.2025) czynna w godz. 17.00\u201321.00<br \/>\nKasa w MDK \u015awinouj\u015bcie (poniedzia\u0142ek-pi\u0105tek) czynna w godz. 8.00\u201314.00<br \/>\nKasa w Galerii ART (wtorek\u2013sobota) czynna w godz. 12.00\u201318.00<br \/>\n<strong>SPRZEDA\u017b INTERNETOWA:<\/strong><br \/>\nwww.tobilet.pl<br \/>\n* cena 56 z\u0142 dla posiadaczy Karty Wyspiarza lub Karty Wyspiarza Seniora<br \/>\n<strong>ADRESY MIEJSC FESTIWALOWYCH:<\/strong><br \/>\nAmfiteatr im. Marka Grechuty, ul Fryderyka Chopina 30<br \/>\nMuszla Koncertowa: Promenada<br \/>\nHotel Radisson Blue Resort, Aleja Baltic Park Molo 2 (wej\u015bcie od strony Promenady)<br \/>\nSala teatralna MDK \u015awinouj\u015bcie, ul. Jana Matejki 11<br \/>\nGaleria Sztuki Wsp\u00f3\u0142czesnej ms44, ul. Armii Krajowej 13<br \/>\n<strong>INFORMACJE:<\/strong><br \/>\nwww.mdk.swinoujscie.pl<br \/>\nFacebook @markowyfestwial<\/p>\n<p><strong>ARTY\u015aCI (ALFABETYCZNIE):<\/strong><br \/>\nKuba Badach, Maciej Balcar, Wojciech B\u0142ach, Gra\u017cyna B\u0142\u0119cka-Kolska, Zygmunt Chajzer, Piotr Cugowski, Wojtek Cugowski, Anna Federowicz, Andrzej Grabowski, Anna Gzyra-Augustynowicz, Janusz J\u00f3zefowicz, Agnieszka Kaczorowska, Beata Olga Kowalska, Kukla Band, Wojciech Kurcjusz, Rafa\u0142 Kwietniewski, \u0141ukasz Maciejewski, Artur Orzech, Tomasz O\u015bwieci\u0144ski, Andrzej Piaseczny, Dorota Pomyka\u0142a, Janusz Radek, Dorota Segda, Anita Steciuk, Tomas Steciuk, Janusz Stok\u0142osa, Mietek Szcze\u015bniak, Magdalena Turczeniewicz, S\u0142awek Uniatowski, Marta Wiejak, Marek W\u0142odarczyk, Mateusz Zi\u00f3\u0142ko, Artur \u017bmijewski, zesp\u00f3\u0142 musicalu \u201eMetro\u201d Teatru Studio Buffo, zesp\u00f3\u0142 Teatru HoM oraz uczestnicy Pracowni Wokalno-Artystycznej MDK \u015awinouj\u015bcie prowadzonej przez Marin\u0119 Nikoriuk-Jachimowicz.<br \/>\nFestiwal jest wsp\u00f3\u0142finansowany ze \u015brodk\u00f3w programu Fundusze Europejskie dla Pomorza Zachodniego 2021-2027<\/p>\n<p><strong>ORGANIZATORZY:<\/strong><br \/>\nMiasto \u015awinouj\u015bcie oraz Miejski Dom Kultury w \u015awinouj\u015bciu<br \/>\nSPONSORZY:<br \/>\nEuro Terminal Real Estate sp. z o.o.<br \/>\nHKFOODS POLAND sp. z o.o.<br \/>\nREAL EU sp. z o.o. (AVIA)<br \/>\nRemondis Szczecin sp. z o.o.<br \/>\nSPO\u0141EM Powszechna Sp\u00f3\u0142dzielnia Spo\u017cywc\u00f3w<br \/>\nZarz\u0105d Morskich Port\u00f3w Szczecin i \u015awinouj\u015bcie S.A.<\/p>\n<p><strong>PARTNERZY:<\/strong><br \/>\nHotel Afrodyta<br \/>\nHotel Atol<br \/>\nHotel Cesarskie Ogrody<br \/>\nHotel Gold \u015awinouj\u015bcie<br \/>\nHotel Hamilton SPA &amp; Wellness<br \/>\nHampton by Hilton \u015awinouj\u015bcie<br \/>\nPlatino Mare Resort &amp; Spa<br \/>\nRadisson Blu Resort \u015awinouj\u015bcie<br \/>\nO\u015brodek Wypoczynkowo &#8211; Sanatoryjny Sob\u00f3tka<br \/>\nHotel &amp; Spa Trzy Wyspy<br \/>\nUzdrowisko \u015awinouj\u015bcie S.A.<br \/>\nZdrojowa Hotels<\/p>\n<p>&nbsp;<\/p>\n<p><strong>5. MARKOWY FESTIWAL 2025<\/strong><\/p>\n<p>SALA KONFERENCYJNA HOTELU RADISSON BLUE RESORT<br \/>\nW ciesz\u0105cym si\u0119 du\u017c\u0105 popularno\u015bci\u0105 cyklu Rozm\u00f3w Festiwalowych, jak co roku, wezm\u0105 udzia\u0142 arty\u015bci, kt\u00f3rych [przedstawia\u0107 nie trzeba. Ich nazwiska, a co za tym idzie do\u015bwiadczanie i dorobek, potwierdzaj\u0105, \u017ce to Aktorzy Markowi! Go\u015b\u0107mi \u0141ukasza Maciejewskiego b\u0119d\u0105: Gra\u017cyna B\u0142\u0119cka-Kolska, Dorota Pomyka\u0142a, Dorota Segda oraz Andrzej Grabowski.<\/p>\n<p>GALERIA SZTUKI WSP\u00d3\u0141CZESNEJ MS44<\/p>\n<p>Obrazy Ma\u0142gorzaty Wielek, kt\u00f3re zostan\u0105 pokazane na ekspozycji \u201cWake up lazy bones&#8221; w ramach Markowego Festiwalu, to takie malarstwo jakie kochamy, prawdziwe, \u017cywe cia\u0142o sztuki, a tytu\u0142 ekspozycji zaproponowany przez artystk\u0119 tylko to potwierdza\u2026<br \/>\nW obrazach Ma\u0142gorzaty Wielek kluczowym motywem wydaje si\u0119 by\u0107 pr\u00f3ba przekroczenia granicy cia\u0142a \u2013 zamach na jego jedno\u015b\u0107 i sp\u00f3jno\u015b\u0107. Ju\u017c sam tytu\u0142 prowadzi poza granice tego, co widzialne poza pow\u0142okami sk\u00f3ry, jednocze\u015bnie daj\u0105c sugesti\u0119 poruszenia tego, co pozornie wydaje si\u0119 u\u015bpione. Artystka w swoich obrazach dokonuje pr\u00f3by rozszczelnienia cielesnej pow\u0142oki, ukazuj\u0105c cia\u0142o nie jako zamkni\u0119ty, harmonijny byt, lecz jako obszar napi\u0119\u0107 i nieustannej reintegracji.<\/p>\n<p>MUSZLA KONCERTOWA<\/p>\n<p>Pracownia Wokalno-Artystycznej w MDK \u015awinouj\u015bcie prowadzona przez znakomit\u0105 pedago\u017ck\u0119 Marin\u0119 Nikoriuk zaprosi do Muszli Koncertowej przy promenadzie na koncert \u201eZ\u0142ote nuty polskiej piosenki\u201d. Arty\u015bci chc\u0105 zabra\u0107 s\u0142uchaczy w niezapomnian\u0105 podr\u00f3\u017c po najr\u00f3\u017cniejszych ods\u0142onach polskiej piosenki. Odkryj\u0105 przed publiczno\u015bci\u0105 pe\u0142ne uroku \u015bwiaty poezji \u015bpiewanej, ciep\u0142ej bossa novy, klimatycznego big-beatu czy nowoczesnych brzmie\u0144 hip-hopu. M\u0142odym wokalistom b\u0119dzie towarzyszy\u0107 zesp\u00f3\u0142 pod kierunkiem Alexa Marka.<br \/>\nZe sceny legendarnej Muszli pop\u0142yn\u0105 te\u017c melodie znane z wielkich musicali, m.in. \u201eUpiora w Operze\u201d, \u201eTa\u0144ca wampir\u00f3w\u201d, \u201eMiss Saigon\u201d, \u201eKabaretu\u201d, \u201eGrease\u201d, Kot\u00f3w\u201d czy \u201eWest Side Story\u201d. W koncercie \u201eMusicale \u015bwiata\u201d wyst\u0105pi\u0105 tuzy polskich teatr\u00f3w muzycznych \u2013 Anita Steciuk, Marta Wiejak, Anna Federowicz, Wojciech Kurcjusz oraz rodowity \u015bwinouj\u015bcian Tomasz Steciuk.<br \/>\nKolejn\u0105 osobowo\u015bci\u0105 Markowego Festiwalu b\u0119dzie Wojtek Cugowski, ceniony w bran\u017cy muzycznej<br \/>\ni uwielbiany przez publiczno\u015b\u0107 gitarzysta, multiinstrumentalista, kompozytor, autor tekst\u00f3w, aran\u017cer, a przede wszystkim zjawiskowy wokalista obdarzony niezwykle melodyjnym g\u0142osem. Artysta ze znawstwem i lekko\u015bci\u0105 balansuje mi\u0119dzy stylowym rockiem a bluesowymi klimatami. Koncert Cugowskiego odb\u0119dzie si\u0119 w Muszli Koncertowej przy Promenadzie.<br \/>\nTeatr HoM poka\u017ce na Markowym festiwalu spektakl plenerowy inspirowany mitami i legendami o Karolu Goduli. Karol Godula \u2014 przemys\u0142owiec, bogacz\u2026alchemik. M\u00f3wiono, \u017ce mia\u0142 konszachty z diab\u0142em. Doro\u015bli straszyli nim dzieci, a sami fantazjowali o zgromadzonym przez niego i ukrytym w kopalniach maj\u0105tku. Ch\u0142opiec z biednej rodziny, przygarni\u0119ty i obdarowany wykszta\u0142ceniem oraz skromnym maj\u0105tkiem przez hrabiego Ballestrema. Napadni\u0119ty i okaleczony za m\u0142odu, obr\u00f3ci\u0142 ca\u0142\u0105 sw\u0105 energi\u0119 i wizjonerski geniusz w budow\u0119 sieci nowoczesnych hut i kopal\u0144. Nazywano go kr\u00f3lem cynku, kr\u00f3lem w\u0119gla\u2026 ale te\u017c diab\u0142em z Rudy, \u015bl\u0105skim Faustem.<br \/>\nAutorem scenariusz oraz re\u017cyserem widowiska jest tw\u00f3rca Tearu HoM Jakub Kabus.<\/p>\n<p>SALA TEATRALNA MDK \u015aWINOUJ\u015aCIE<\/p>\n<p>Artur \u017bmijewski, znany aktor i re\u017cyser, tym razem jako\u2026 wokalista. Jego \u201eCohen \u2013 Po mi\u0142o\u015bci kres\u201d to nie tylko ho\u0142d dla tw\u00f3rczo\u015bci Leonarda Cohena, ale przede wszystkim artystyczne wyzwanie i nowa, pe\u0142na emocji, interpretacja utwor\u00f3w jednego z najwybitniejszych wsp\u00f3\u0142czesnych bard\u00f3w. Arty\u015bcie na scenie MDK \u015awinouj\u015bcie towarzyszy\u0107 b\u0119d\u0105 znakomici muzycy \u2013 Ewa \u017bmijewska (gitara), Shandrelica &#8222;Shandy&#8221; Casper (instrumenty perkusyjne), Wojciech Pilichowski (gitara basowa) i Andrzej &#8222;e-moll&#8221; Kowalczyk (gitary i instrumenty klawiszowe).<\/p>\n<p>AMFITEATR IM. MARKA GRECHUTY<br \/>\n\u015awi\u0119to Kobiet w sierpniu? Dlaczego nie? Zreszt\u0105 niech trwa ca\u0142y rok! Podczas Markowego Festiwalu<br \/>\nw Amfiteatrze im. Marka Grechuty b\u0119dzie mo\u017cna us\u0142ysze\u0107 najpi\u0119kniejsze piosenki o kobietach i dla kobiet. Muzyczne widowisko \u201eWhen a Man Loves a Woman\u201d to wielkie \u015bwiatowe przeboje, opowiadaj\u0105ce nie tylko o mi\u0142o\u015bci, kt\u00f3re ka\u017cdy z pewno\u015bci\u0105 zna. Skoro \u015bwi\u0119to kobiet, to za\u015bpiewaj\u0105 wy\u0142\u0105cznie m\u0119\u017cczy\u017ani, a w\u015br\u00f3d nich: Andrzej Piaseczny, Piotr Cugowski, Janusz Radek, Maciej Balcar, Mateusz Zi\u00f3\u0142ko, Kuba Badach, S\u0142awek Uniatowski, Mietek Szcze\u015bniak. Towarzyszy\u0107 im b\u0119dzie orkiestra Kukla Band pod batut\u0105 Zygmunta Kukli, a ca\u0142o\u015b\u0107 s\u0142owem okrasi Artur Orzech.<br \/>\nKwartet sk\u0105po ubranych pa\u0144, bielizna g\u0119sto wypadaj\u0105ca przez okno, sterty pieni\u0119dzy i kochanki schowane w szafie \u2013 \u201eJutro b\u0119dzie futro\u201d to pikantna farsa Ray&#8217;a Cooney&#8217;a , autora trzech cz\u0119\u015bci teatralnego megahitu \u201eMayday\u201d, kt\u00f3ra pozostawia u\u015bmiech na twarzy na d\u0142ugo po zako\u0144czeniu spektaklu. Fabu\u0142a jest bajecznie prosa (sic!): Gilbert Bodley, w\u0142a\u015bciciel ekskluzywnego salonu futer, nigdy nie ma do\u015b\u0107 pi\u0119knych kobiet. Teraz chce rozpie\u015bci\u0107 nowym futrem kolejn\u0105 sw\u0105 kochank\u0119, Janie. Musi to jednak zrobi\u0107 tak, by nie zdenerwowa\u0107 jej m\u0119\u017ca. Proponuje wi\u0119c m\u0119\u017cczy\u017anie ogromny rabat &#8211; i jest bardzo niemile zaskoczony, kiedy m\u0105\u017c Janie postanawia kupi\u0107 futro\u2026 swej kochance. A to dopiero pocz\u0105tek ca\u0142ego zamieszania: nieko\u0144cz\u0105ca si\u0119 seria pomy\u0142ek w\u0142a\u015bnie zaczyna si\u0119 rozkr\u0119ca\u0107! \u201cJutro b\u0119dzie futro\u201d to beztroska komedia, pe\u0142na wybuchowej energii, przebieranek i niegrzecznych \u017cart\u00f3w\u2026<br \/>\nPi\u0105t\u0105 edycj\u0119 Markowego Festiwalu zwie\u0144czy kultowy musical sto\u0142ecznego Studio Buffo \u201eMetro\u201d.<br \/>\nGrupa m\u0142odych wykonawc\u00f3w opowiada o swoich marzeniach, a ka\u017cda wy\u015bpiewana nuta, ka\u017cdy wyta\u0144czony takt jest tych marze\u0144 spe\u0142nieniem. Widzimy wi\u0119c na scenie pasj\u0119 i entuzjazm, taniec i \u015bpiew jakiego nie zna\u0142 polski teatr. Jest tam mi\u0142o\u015b\u0107, szale\u0144stwo i m\u0142odo\u015b\u0107. I to wszystko sprawia, \u017ce granica mi\u0119dzy teatrem a rzeczywisto\u015bci\u0105 staje si\u0119 p\u0142ynna, akcja spektaklu zdaje si\u0119 wykracza\u0107 daleko poza teatralne foyer, a czas staje si\u0119 wy\u0142\u0105cznie funkcj\u0105 wyobra\u017ani.<br \/>\n\u201eMETRO\u201d. Gdzie\u015b mi\u0119dzy fikcj\u0105 a rzeczywisto\u015bci\u0105 \u2026 Uliczni grajkowie, \u015bpiewacy i tancerze wystawiaj\u0105 na podziemnych peronach metra spektakl dla pasa\u017cer\u00f3w. Jego tw\u00f3rc\u0105 i animatorem jest Jan, dla kt\u00f3rego metro jest domem, a underground \u2013 sposobem na \u017cycie. Spektakl budzi sensacj\u0119, a m\u0142odzi arty\u015bci otrzymuj\u0105 propozycj\u0119 pracy w komercyjnym teatrze. To opowie\u015b\u0107 o marzeniach i rozczarowaniach, o pasji i zdradzie, o m\u0142odzie\u0144czych idea\u0142ach i w\u0142adzy pieni\u0105dza, a przede wszystkim to historia romantycznej mi\u0142o\u015bci.<br \/>\nScenariusz, choreografia i re\u017cyseria \u2013 Janusz J\u00f3zefowicz, libretto i teksty piosenek \u2013 Agata oraz Maryna Miklaszewskie, muzyka \u2013 Janusz Stok\u0142osa.<\/p>\n","protected":false},"excerpt":{"rendered":"<p>Markowy Festiwal w \u015awinouj\u015bciu to jedno z najwi\u0119kszych i najciekawszych wydarze\u0144 artystycznych letniego sezonu nad zachodnim Ba\u0142tykiem. Impreza ma charakter interdyscyplinarny \u2013 dominuje muzyka, ale w bogatym programie Markowego Festiwalu jest miejsce na spektakle teatralne, plenerowe widowiska, wystawy oraz spotkania z osobowo\u015bciami polskiej kultury. Program Markowego Festiwalu to cztery dni szczelnie wype\u0142nione artystycznymi propozycjami. Na [&hellip;]<\/p>\n","protected":false},"author":1,"featured_media":2964,"comment_status":"closed","ping_status":"open","sticky":false,"template":"","format":"standard","meta":{"footnotes":""},"categories":[76,85,88],"tags":[318],"class_list":["post-2963","post","type-post","status-publish","format-standard","has-post-thumbnail","hentry","category-imprezy","category-swinoujscie","category-zaproszenia","tag-markowy-festiwal-w-swinoujsciu"],"_links":{"self":[{"href":"https:\/\/ewyspiarz.info\/ogloszenia\/wp-json\/wp\/v2\/posts\/2963","targetHints":{"allow":["GET"]}}],"collection":[{"href":"https:\/\/ewyspiarz.info\/ogloszenia\/wp-json\/wp\/v2\/posts"}],"about":[{"href":"https:\/\/ewyspiarz.info\/ogloszenia\/wp-json\/wp\/v2\/types\/post"}],"author":[{"embeddable":true,"href":"https:\/\/ewyspiarz.info\/ogloszenia\/wp-json\/wp\/v2\/users\/1"}],"replies":[{"embeddable":true,"href":"https:\/\/ewyspiarz.info\/ogloszenia\/wp-json\/wp\/v2\/comments?post=2963"}],"version-history":[{"count":0,"href":"https:\/\/ewyspiarz.info\/ogloszenia\/wp-json\/wp\/v2\/posts\/2963\/revisions"}],"wp:featuredmedia":[{"embeddable":true,"href":"https:\/\/ewyspiarz.info\/ogloszenia\/wp-json\/"}],"wp:attachment":[{"href":"https:\/\/ewyspiarz.info\/ogloszenia\/wp-json\/wp\/v2\/media?parent=2963"}],"wp:term":[{"taxonomy":"category","embeddable":true,"href":"https:\/\/ewyspiarz.info\/ogloszenia\/wp-json\/wp\/v2\/categories?post=2963"},{"taxonomy":"post_tag","embeddable":true,"href":"https:\/\/ewyspiarz.info\/ogloszenia\/wp-json\/wp\/v2\/tags?post=2963"}],"curies":[{"name":"wp","href":"https:\/\/api.w.org\/{rel}","templated":true}]}}