{"id":3233,"date":"2025-10-16T12:38:38","date_gmt":"2025-10-16T10:38:38","guid":{"rendered":"https:\/\/ewyspiarz.info\/?p=3233"},"modified":"2025-10-16T12:38:38","modified_gmt":"2025-10-16T10:38:38","slug":"w-zespole-szkol-morskich-odbylo-sie-uroczyste-slubowanie-klas-pierwszych","status":"publish","type":"post","link":"https:\/\/ewyspiarz.info\/ogloszenia\/2025\/10\/16\/w-zespole-szkol-morskich-odbylo-sie-uroczyste-slubowanie-klas-pierwszych\/","title":{"rendered":"W Zespole Szk\u00f3\u0142 Morskich odby\u0142o si\u0119 uroczyste \u015blubowanie klas pierwszych."},"content":{"rendered":"<p><strong>W obecno\u015bci wiceministra infrastruktury dr. Arkadiusza Marchewki oraz prezydent \u015awinouj\u015bcia Joanny Agatowskiej w Zespole Szk\u00f3\u0142 Morskich odby\u0142o si\u0119 uroczyste \u015blubowanie klas pierwszych. Uroczysto\u015b\u0107 mia\u0142a miejsce 11 pa\u017adziernika 2025 roku i zgromadzi\u0142a licznie przyby\u0142ych nauczycieli oraz rodziny uczni\u00f3w.<\/strong><\/p>\n<p>Uroczysto\u015b\u0107 odby\u0142a si\u0119 w tradycyjnej, morskiej oprawie. Po od\u015bpiewaniu hymnu i podniesieniu flagi pa\u0144stwowej uczniowie pierwszych klas z\u0142o\u017cyli \u015blubowanie, oficjalnie do\u0142\u0105czaj\u0105c do spo\u0142eczno\u015bci szko\u0142y.<\/p>\n<p class=\"gwp636bde01_MsoNormal\">\u2013\u00a0<em>Podj\u0119li\u015bcie bardzo wa\u017cn\u0105 i odwa\u017cn\u0105 decyzj\u0119, wi\u0105\u017c\u0105c swoj\u0105 przysz\u0142o\u015b\u0107 z morzem. Przed wami wielkie zobowi\u0105zanie, ale te\u017c ogromna szansa. Mo\u017cna powiedzie\u0107, \u017ce w\u0142a\u015bnie wyp\u0142ywacie w rejs, kt\u00f3ry \u2013 je\u015bli b\u0119dziecie wytrwali \u2013 doprowadzi was do dobrego celu. Wybieraj\u0105c Zesp\u00f3\u0142 Szk\u00f3\u0142 Morskich, obrali\u015bcie w\u0142a\u015bciwy kurs<\/em>\u00a0\u2013 powiedzia\u0142 wiceminister Arkadiusz Marchewka.<\/p>\n<p class=\"gwp636bde01_MsoNormal\">\n<p class=\"gwp636bde01_MsoNormal\">Podkre\u015bli\u0142 r\u00f3wnie\u017c, \u017ce edukacja morska ma dzi\u015b strategiczne znaczenie.\u00a0<em>\u2013 Morze i porty to dzi\u015b bezpiecze\u0144stwo gospodarcze, militarne i energetyczne. To w\u0142a\u015bnie wy \u2013 jako przyszli specjali\u015bci \u2013 b\u0119dziecie je budowa\u0107. Jako Ministerstwo Infrastruktury b\u0119dziemy wspiera\u0107 rozw\u00f3j szko\u0142y. A rodzicom mog\u0119 z pe\u0142nym przekonaniem powiedzie\u0107: wasze dzieci s\u0105 w dobrych r\u0119kach<\/em>\u00a0\u2013 doda\u0142.<\/p>\n<p class=\"gwp636bde01_MsoNormal\"><a href=\"https:\/\/ewyspiarz.info\/ogloszenia\/wp-content\/uploads\/2025\/07\/a1-4-2-mp4-image-1.jpgwp-content\/uploads\/2025\/10\/564056008_1192970325987239_8869999748094194253_n.jpg\"><img loading=\"lazy\" decoding=\"async\" class=\"aligncenter size-full wp-image-3234\" src=\"https:\/\/ewyspiarz.info\/ogloszenia\/wp-content\/uploads\/2025\/07\/a1-4-2-mp4-image-1.jpgwp-content\/uploads\/2025\/10\/564056008_1192970325987239_8869999748094194253_n.jpg\" alt=\"Uroczyste \u015blubowanie\" width=\"2048\" height=\"1365\" \/><\/a><\/p>\n<p class=\"gwp636bde01_MsoNormal\">Do m\u0142odzie\u017cy zwr\u00f3ci\u0142a si\u0119 tak\u017ce prezydent \u015awinouj\u015bcia Joanna Agatowska:<br \/>\n\u2013\u00a0<em>Jeste\u015bmy bardzo dumni, \u017ce Zesp\u00f3\u0142 Szk\u00f3\u0142 Morskich tak dynamicznie si\u0119 rozwija. Dzi\u0119kuj\u0119 Ministerstwu Infrastruktury za wsparcie, kt\u00f3re pozwala nauczycielom przekazywa\u0107 wiedz\u0119 na najwy\u017cszym poziomie. To szko\u0142a, kt\u00f3ra przyci\u0105ga m\u0142odzie\u017c z ca\u0142ego regionu i realnie wp\u0142ywa na rozw\u00f3j edukacji morskiej w Polsce. Drodzy uczniowie, \u017cycz\u0119 wam, by nauka by\u0142a dla was przygod\u0105 pe\u0142n\u0105 pasji i dawa\u0142a rado\u015b\u0107 ka\u017cdego dnia.<\/em><\/p>\n<p class=\"gwp636bde01_MsoNormal\"><em>\u00a0<\/em><\/p>\n<p class=\"gwp636bde01_MsoNormal\">Po zako\u0144czeniu oficjalnej cz\u0119\u015bci uroczysto\u015bci zaproszeni go\u015bcie mogli zwiedzi\u0107 pracownie i laboratoria, w kt\u00f3rych uczniowie kszta\u0142c\u0105 si\u0119 w kierunkach takich jak nawigacja, mechanika, logistyka i informatyka.<\/p>\n<p>Z\u0142o\u017cone \u015blubowanie otworzy\u0142o nowy etap w \u017cyciu m\u0142odzie\u017cy. Teraz przed nimi codzienna nauka i przygotowanie do pracy w zawodach zwi\u0105zanych z morzem.<\/p>\n<p class=\"gwp636bde01_MsoNormal\">\n<p class=\"gwp636bde01_MsoNormal\">\n<p class=\"gwp636bde01_MsoNormal\"><b><i>Z wyrazami szacunku,<\/i><\/b><\/p>\n<p class=\"gwp636bde01_MsoNormal\"><b><i>\u00a0<\/i><\/b><\/p>\n<p class=\"gwp636bde01_MsoNormal\"><b><i>Beata Olszewska<\/i><\/b><\/p>\n<p class=\"gwp636bde01_MsoNormal\"><b><i>Inspektor<\/i><\/b><\/p>\n<p class=\"gwp636bde01_MsoNormal\"><b><i>Biuro Informacji i Konsultacji Spo\u0142ecznych<\/i><\/b><\/p>\n<p class=\"gwp636bde01_MsoNormal\"><b><i>Urz\u0105d Miasta \u015awinouj\u015bcie<\/i><\/b><\/p>\n","protected":false},"excerpt":{"rendered":"<p>W obecno\u015bci wiceministra infrastruktury dr. Arkadiusza Marchewki oraz prezydent \u015awinouj\u015bcia Joanny Agatowskiej w Zespole Szk\u00f3\u0142 Morskich odby\u0142o si\u0119 uroczyste \u015blubowanie klas pierwszych. Uroczysto\u015b\u0107 mia\u0142a miejsce 11 pa\u017adziernika 2025 roku i zgromadzi\u0142a licznie przyby\u0142ych nauczycieli oraz rodziny uczni\u00f3w. Uroczysto\u015b\u0107 odby\u0142a si\u0119 w tradycyjnej, morskiej oprawie. Po od\u015bpiewaniu hymnu i podniesieniu flagi pa\u0144stwowej uczniowie pierwszych klas z\u0142o\u017cyli [&hellip;]<\/p>\n","protected":false},"author":1,"featured_media":3235,"comment_status":"closed","ping_status":"open","sticky":false,"template":"","format":"standard","meta":{"footnotes":""},"categories":[85,87],"tags":[],"class_list":["post-3233","post","type-post","status-publish","format-standard","has-post-thumbnail","hentry","category-swinoujscie","category-wydarzenia"],"_links":{"self":[{"href":"https:\/\/ewyspiarz.info\/ogloszenia\/wp-json\/wp\/v2\/posts\/3233","targetHints":{"allow":["GET"]}}],"collection":[{"href":"https:\/\/ewyspiarz.info\/ogloszenia\/wp-json\/wp\/v2\/posts"}],"about":[{"href":"https:\/\/ewyspiarz.info\/ogloszenia\/wp-json\/wp\/v2\/types\/post"}],"author":[{"embeddable":true,"href":"https:\/\/ewyspiarz.info\/ogloszenia\/wp-json\/wp\/v2\/users\/1"}],"replies":[{"embeddable":true,"href":"https:\/\/ewyspiarz.info\/ogloszenia\/wp-json\/wp\/v2\/comments?post=3233"}],"version-history":[{"count":0,"href":"https:\/\/ewyspiarz.info\/ogloszenia\/wp-json\/wp\/v2\/posts\/3233\/revisions"}],"wp:featuredmedia":[{"embeddable":true,"href":"https:\/\/ewyspiarz.info\/ogloszenia\/wp-json\/"}],"wp:attachment":[{"href":"https:\/\/ewyspiarz.info\/ogloszenia\/wp-json\/wp\/v2\/media?parent=3233"}],"wp:term":[{"taxonomy":"category","embeddable":true,"href":"https:\/\/ewyspiarz.info\/ogloszenia\/wp-json\/wp\/v2\/categories?post=3233"},{"taxonomy":"post_tag","embeddable":true,"href":"https:\/\/ewyspiarz.info\/ogloszenia\/wp-json\/wp\/v2\/tags?post=3233"}],"curies":[{"name":"wp","href":"https:\/\/api.w.org\/{rel}","templated":true}]}}