{"id":3245,"date":"2025-10-20T13:30:44","date_gmt":"2025-10-20T11:30:44","guid":{"rendered":"https:\/\/ewyspiarz.info\/?p=3245"},"modified":"2025-10-20T13:30:44","modified_gmt":"2025-10-20T11:30:44","slug":"tunel-pod-swina-w-gronie-pieciu-najlepszych-inwestycji","status":"publish","type":"post","link":"https:\/\/ewyspiarz.info\/ogloszenia\/2025\/10\/20\/tunel-pod-swina-w-gronie-pieciu-najlepszych-inwestycji\/","title":{"rendered":"Tunel pod \u015awin\u0105 w gronie pi\u0119ciu najlepszych inwestycji"},"content":{"rendered":"<p class=\"gwp657eeac0_MsoNormal\"><strong>Tunel pod \u015awin\u0105 znalaz\u0142 si\u0119 w gronie pi\u0119ciu najlepszych inwestycji infrastrukturalnych w Europie. \u015awinoujski projekt zosta\u0142 finalist\u0105 presti\u017cowego konkursu REGIOSTARS 2025, organizowanego w ramach European Week of Regions and Cities. Spo\u015br\u00f3d 266 projekt\u00f3w zg\u0142oszonych z ca\u0142ej Unii Europejskiej to w\u0142a\u015bnie inwestycja \u0142\u0105cz\u0105ca wyspy Uznam i Wolin zosta\u0142a wyr\u00f3\u017cniona przez Komisj\u0119 Europejsk\u0105 oraz Komitet Region\u00f3w jako przyk\u0142ad nowoczesnego i zr\u00f3wnowa\u017conego rozwoju infrastrukturalnego.<\/strong><\/p>\n<p>Podczas wydarzenia, kt\u00f3re zgromadzi\u0142o ponad sze\u015b\u0107 tysi\u0119cy uczestnik\u00f3w z ca\u0142ej Europy, omawiano najwa\u017cniejsze unijne projekty wp\u0142ywaj\u0105ce na codzienne \u017cycie mieszka\u0144c\u00f3w. Nie zabrak\u0142o inwestycji \u201eTunel pod \u015awin\u0105\u201d, kt\u00f3ra rozwi\u0105za\u0142a wieloletni problem komunikacyjnej izolacji \u015awinouj\u015bcia, poprawiaj\u0105c komfort \u017cycia mieszka\u0144c\u00f3w i zwi\u0119kszaj\u0105c dost\u0119pno\u015b\u0107 miasta dla turyst\u00f3w i inwestor\u00f3w.<\/p>\n<p>Arkadiusz Mazepa, Zast\u0119pca Prezydenta Miasta \u015awinouj\u015bcie, zg\u0142osi\u0142 inwestycj\u0119 i zaprezentowa\u0142 j\u0105 w Brukseli. Przedstawi\u0142 pe\u0142n\u0105 histori\u0119 realizacji \u2013 od pierwszych marze\u0144 i plan\u00f3w, przez wieloletnie starania o finansowanie, a\u017c po symboliczne otwarcie tunelu 30 czerwca 2023 roku.<\/p>\n<p><a href=\"https:\/\/ewyspiarz.info\/ogloszenia\/wp-content\/uploads\/2025\/07\/a1-4-2-mp4-image-1.jpgwp-content\/uploads\/2025\/10\/565757975_1197073738910231_6305208000561261800_n.jpg\"><img loading=\"lazy\" decoding=\"async\" class=\"aligncenter size-full wp-image-3251\" src=\"https:\/\/ewyspiarz.info\/ogloszenia\/wp-content\/uploads\/2025\/07\/a1-4-2-mp4-image-1.jpgwp-content\/uploads\/2025\/10\/565757975_1197073738910231_6305208000561261800_n.jpg\" alt=\"\" width=\"1036\" height=\"1463\" \/><\/a><\/p>\n<p>Tunel pod \u015awin\u0105 to nie tylko in\u017cynieryjny sukces, ale tak\u017ce symbol determinacji lokalnej spo\u0142eczno\u015bci, kt\u00f3ra nie zrezygnowa\u0142a z marze\u0144 o sta\u0142ym po\u0142\u0105czeniu wysp Uznam i Wolin. To projekt, kt\u00f3ry dojrzewa\u0142 przez dekady \u2013 od pierwszych koncepcji, przez d\u0142ugie procesy planistyczne, pozyskiwanie \u015brodk\u00f3w, a\u017c po samo wykonanie.<\/p>\n<p>To ogromne wyr\u00f3\u017cnienie jest efektem wsp\u00f3lnego wysi\u0142ku kilku pokole\u0144 samorz\u0105dowc\u00f3w i instytucji, kt\u00f3re przez lata konsekwentnie d\u0105\u017cy\u0142y do sfinalizowania tej kluczowej dla \u015awinouj\u015bcia inwestycji. W realizacj\u0119 marzenia \u015bwinouj\u015bcian zaanga\u017cowanych by\u0142o wiele os\u00f3b \u2013 z Januszem \u017bmurkiewiczem na czele zespo\u0142u, radnymi kilku kadencji, politykami regionalnymi z marsza\u0142kiem Olgierdem Geblewiczem, przedstawicielami \u00f3wczesnego rz\u0105du oraz europos\u0142ami. Kluczowe \u015brodki, w wysoko\u015bci 770 milion\u00f3w z\u0142otych, pochodzi\u0142y z Unii Europejskiej. Nie spos\u00f3b nie wspomnie\u0107 o mieszka\u0144cach \u015awinouj\u015bcia, kt\u00f3rzy wnie\u015bli r\u00f3wnie\u017c znacz\u0105cy wk\u0142ad finansowy \u2013 oko\u0142o 140 milion\u00f3w z\u0142otych. Na sukces tej inwestycji z\u0142o\u017cy\u0142o si\u0119 tak\u017ce zaanga\u017cowanie Generalnej Dyrekcji Dr\u00f3g Krajowych i Autostrad, determinacja wykonawc\u00f3w z konsorcjum Tunel \u015awinouj\u015bcie, a szczeg\u00f3lnie profesjonalizm firm PORR i G\u00fclermak.<\/p>\n<p>Dzi\u0119ki wsp\u00f3\u0142pracy tak wielu podmiot\u00f3w uda\u0142o si\u0119 doprowadzi\u0107 ten projekt do szcz\u0119\u015bliwego ko\u0144ca. Dzi\u015b mo\u017cemy z dum\u0105 powiedzie\u0107, \u017ce ta wsp\u00f3lna praca zosta\u0142a dostrze\u017cona i doceniona na arenie europejskiej.<\/p>\n<p>\u201eSerdeczne gratulacje dla wszystkich, kt\u00f3rzy przez ostatnie dekady przyczynili si\u0119 do realizacji tej jednej z najwa\u017cniejszych inwestycji w historii \u015awinouj\u015bcia. Teraz pokazali\u015bmy t\u0119 realizacj\u0119 ca\u0142ej Europie, zajmuj\u0105c 5. miejsce w\u015br\u00f3d najlepszych projekt\u00f3w infrastrukturalnych\u201d \u2013 podkre\u015bli\u0142 Arkadiusz Mazepa.<\/p>\n<p>To wyr\u00f3\u017cnienie pokazuje, \u017ce lokalne inicjatywy, je\u015bli s\u0105 dobrze przygotowane, konsekwentnie realizowane i profesjonalnie doprowadzone do ko\u0144ca, mog\u0105 sta\u0107 si\u0119 inspiracj\u0105 nawet poza granicami kraju.<\/p>\n<p class=\"gwp657eeac0_MsoNormal\">Jak zauwa\u017ca Prezydent Miasta Joanna Agatowska, przed nami jednak kolejne wyzwania. \u015awinouj\u015bcie posiada dzi\u015b tylko jedn\u0105 nitk\u0119 tunelu, co rodzi potrzeb\u0119 dalszego planowania i rozwijania infrastruktury w regionie.<\/p>\n<p>\u201eMarz\u0119 o sta\u0142ym po\u0142\u0105czeniu przez Zalew Szczeci\u0144ski z Trzebie\u017c\u0105, Policami i Szczecinem. Wierz\u0119, \u017ce wsp\u00f3lnie \u2013 ponad podzia\u0142ami \u2013 b\u0119dziemy potrafili podj\u0105\u0107 te wyzwania. Odwa\u017cmy si\u0119 razem marzy\u0107 i pracowa\u0107 dla dobra \u015awinouj\u015bcia, Pomorza Zachodniego, Polski i Europy\u201d \u2013 zaznacza.<\/p>\n<p class=\"gwp657eeac0_MsoNormal\"><b><i>Z wyrazami szacunku,<\/i><\/b><\/p>\n<p class=\"gwp657eeac0_MsoNormal\"><b><i>\u00a0<\/i><\/b><\/p>\n<p class=\"gwp657eeac0_MsoNormal\"><b><i>Beata Olszewska<\/i><\/b><\/p>\n<p class=\"gwp657eeac0_MsoNormal\"><b><i>Inspektor<\/i><\/b><\/p>\n<p class=\"gwp657eeac0_MsoNormal\"><b><i>Biuro Informacji i Konsultacji Spo\u0142ecznych<\/i><\/b><\/p>\n<p class=\"gwp657eeac0_MsoNormal\"><b><i>Urz\u0105d Miasta \u015awinouj\u015bcie<\/i><\/b><\/p>\n","protected":false},"excerpt":{"rendered":"<p>Tunel pod \u015awin\u0105 znalaz\u0142 si\u0119 w gronie pi\u0119ciu najlepszych inwestycji infrastrukturalnych w Europie. \u015awinoujski projekt zosta\u0142 finalist\u0105 presti\u017cowego konkursu REGIOSTARS 2025, organizowanego w ramach European Week of Regions and Cities. Spo\u015br\u00f3d 266 projekt\u00f3w zg\u0142oszonych z ca\u0142ej Unii Europejskiej to w\u0142a\u015bnie inwestycja \u0142\u0105cz\u0105ca wyspy Uznam i Wolin zosta\u0142a wyr\u00f3\u017cniona przez Komisj\u0119 Europejsk\u0105 oraz Komitet Region\u00f3w jako [&hellip;]<\/p>\n","protected":false},"author":1,"featured_media":3248,"comment_status":"closed","ping_status":"open","sticky":false,"template":"","format":"standard","meta":{"footnotes":""},"categories":[85,87],"tags":[],"class_list":["post-3245","post","type-post","status-publish","format-standard","has-post-thumbnail","hentry","category-swinoujscie","category-wydarzenia"],"_links":{"self":[{"href":"https:\/\/ewyspiarz.info\/ogloszenia\/wp-json\/wp\/v2\/posts\/3245","targetHints":{"allow":["GET"]}}],"collection":[{"href":"https:\/\/ewyspiarz.info\/ogloszenia\/wp-json\/wp\/v2\/posts"}],"about":[{"href":"https:\/\/ewyspiarz.info\/ogloszenia\/wp-json\/wp\/v2\/types\/post"}],"author":[{"embeddable":true,"href":"https:\/\/ewyspiarz.info\/ogloszenia\/wp-json\/wp\/v2\/users\/1"}],"replies":[{"embeddable":true,"href":"https:\/\/ewyspiarz.info\/ogloszenia\/wp-json\/wp\/v2\/comments?post=3245"}],"version-history":[{"count":0,"href":"https:\/\/ewyspiarz.info\/ogloszenia\/wp-json\/wp\/v2\/posts\/3245\/revisions"}],"wp:featuredmedia":[{"embeddable":true,"href":"https:\/\/ewyspiarz.info\/ogloszenia\/wp-json\/"}],"wp:attachment":[{"href":"https:\/\/ewyspiarz.info\/ogloszenia\/wp-json\/wp\/v2\/media?parent=3245"}],"wp:term":[{"taxonomy":"category","embeddable":true,"href":"https:\/\/ewyspiarz.info\/ogloszenia\/wp-json\/wp\/v2\/categories?post=3245"},{"taxonomy":"post_tag","embeddable":true,"href":"https:\/\/ewyspiarz.info\/ogloszenia\/wp-json\/wp\/v2\/tags?post=3245"}],"curies":[{"name":"wp","href":"https:\/\/api.w.org\/{rel}","templated":true}]}}