{"id":3253,"date":"2025-10-20T15:24:48","date_gmt":"2025-10-20T13:24:48","guid":{"rendered":"https:\/\/ewyspiarz.info\/?p=3253"},"modified":"2025-10-20T15:24:48","modified_gmt":"2025-10-20T13:24:48","slug":"mistrzostwa-swiata-z-udzialem-karoliny-romanskiej","status":"publish","type":"post","link":"https:\/\/ewyspiarz.info\/ogloszenia\/2025\/10\/20\/mistrzostwa-swiata-z-udzialem-karoliny-romanskiej\/","title":{"rendered":"Mistrzostwa \u015awiata z udzia\u0142em Karoliny Roma\u0144skiej"},"content":{"rendered":"<p>Mistrzostwa \u015awiata IAU w biegu 24-godzinnym 2025 w Albi za nami. W zawodach wzi\u0119\u0142o udzia\u0142 <strong>366 sportowc\u00f3w reprezentuj\u0105cych 45 kraj\u00f3w<\/strong>. Biegacze rywalizowali na\u00a0<strong>1,5-kilometrowej p\u0119tli<\/strong>. Cho\u0107 niebo by\u0142o b\u0142\u0119kitne, pocz\u0105tkowo \u0142agodny poranek ust\u0105pi\u0142 miejsca upa\u0142owi, kt\u00f3ry wymaga\u0142 od sportowc\u00f3w ch\u0142odzenia si\u0119 lodem i wod\u0105.<\/p>\n<p><a href=\"https:\/\/ewyspiarz.info\/ogloszenia\/wp-content\/uploads\/2025\/07\/a1-4-2-mp4-image-1.jpgwp-content\/uploads\/2025\/10\/Karolina.jpg\"><img loading=\"lazy\" decoding=\"async\" class=\"aligncenter size-full wp-image-3256\" src=\"https:\/\/ewyspiarz.info\/ogloszenia\/wp-content\/uploads\/2025\/07\/a1-4-2-mp4-image-1.jpgwp-content\/uploads\/2025\/10\/Karolina.jpg\" alt=\"\" width=\"832\" height=\"592\" \/><\/a><br \/>\nW Mistrzostwa \u015awiata w biegu 24-godzinnym, kt\u00f3re odby\u0142y si\u0119\u00a0 we francuskim Albi wzi\u0119\u0142a udzia\u0142 Karolina Roma\u0144ska w barwach reprezentacji Polski. Dla \u015bwinouj\u015bcianki marzenie si\u0119 spe\u0142ni\u0142o.<br \/>\n[&#8230;]<br \/>\n&#8222;nie b\u0119d\u0119 udawa\u0107 \u2013 boj\u0119 si\u0119.<br \/>\nTych godzin w nocy, b\u00f3lu, ciszy i moment\u00f3w, gdy cia\u0142o powie \u201estop\u201d, a ja b\u0119d\u0119 musia\u0142a odpowiedzie\u0107 \u201enie ma mowy\u201d. Ale wiem te\u017c, \u017ce w\u0142a\u015bnie tam, w tym zm\u0119czeniu, dzieje si\u0119 magia&#8221; &#8211; pisze przed startem na profilu spo\u0142eczno\u015bciowym <span style=\"color: #3366ff;\"><strong><a style=\"color: #3366ff;\" href=\"https:\/\/www.facebook.com\/karolina.romanska.96\">Karolina<\/a><\/strong><\/span>.<\/p>\n<p>Nasza ULTRA uko\u0144czy\u0142a 24 godzinny bieg z wynikiem 201,042 km, co da\u0142o jej 7. miejsce w kategorii masters W40.<br \/>\n[&#8230;]&#8221;Jak na pierwszy raz w tej kategorii \u2014 by\u0107 si\u00f3dm\u0105 kobiet\u0105 na \u015bwiecie? No powiem Wam\u2026 chyba fajnie!&#8221; &#8211; pisze dalej <span style=\"color: #3366ff;\"><a style=\"color: #3366ff;\" href=\"https:\/\/www.facebook.com\/karolina.romanska.96\"><strong>Karolina<\/strong><\/a><\/span>.<br \/>\n<a href=\"https:\/\/ewyspiarz.info\/ogloszenia\/wp-content\/uploads\/2025\/07\/a1-4-2-mp4-image-1.jpgwp-content\/uploads\/2025\/10\/550220978_10214843711122537_4082777998217134341_n.jpg\"><img loading=\"lazy\" decoding=\"async\" src=\"https:\/\/ewyspiarz.info\/ogloszenia\/wp-content\/uploads\/2025\/07\/a1-4-2-mp4-image-1.jpgwp-content\/uploads\/2025\/10\/550220978_10214843711122537_4082777998217134341_n.jpg\" alt=\"\" width=\"1440\" height=\"1440\" class=\"aligncenter size-full wp-image-3266\" \/><\/a><br \/>\nReprezentacja Polski, licz\u0105ca 14 zawodnik\u00f3w (8 kobiet i 6 m\u0119\u017cczyzn), potwierdzi\u0142a swoj\u0105 si\u0142\u0119 w biegach 24-godzinnych. Nasi ultrasi zdobyli br\u0105zowy medal dru\u017cynowy m\u0119\u017cczyzn z \u0142\u0105cznym dystansem 780,651 km.<br \/>\nPolki zaj\u0119\u0142y 6. miejsce dru\u017cynowo.<br \/>\nTegoroczne mistrzostwa w Albi pokaza\u0142y, \u017ce w ultramaratonie granice s\u0105 p\u0142ynne, a do\u015bwiadczenie cz\u0119sto znaczy wi\u0119cej ni\u017c rekord \u017cyciowy. Polacy wracaj\u0105 z Francji z medalem i cenn\u0105 wiedz\u0105, jak rywalizowa\u0107 z najlepszymi na \u015bwiecie. Wyniki jasno pokazuj\u0105, \u017ce nasza kadra ma solidne zaplecze i potencja\u0142, by w kolejnych mistrzostwach walczy\u0107 o jeszcze wi\u0119cej.<\/p>\n<p>Gratulujemy udanego startu w tak wyczerpuj\u0105cym 24 godzinnym dystansie.<br \/>\n<strong>Foto.PZL i Karolina Roma\u0144ska<\/strong><\/p>\n","protected":false},"excerpt":{"rendered":"<p>Mistrzostwa \u015awiata IAU w biegu 24-godzinnym 2025 w Albi za nami. W zawodach wzi\u0119\u0142o udzia\u0142 366 sportowc\u00f3w reprezentuj\u0105cych 45 kraj\u00f3w. Biegacze rywalizowali na\u00a01,5-kilometrowej p\u0119tli. Cho\u0107 niebo by\u0142o b\u0142\u0119kitne, pocz\u0105tkowo \u0142agodny poranek ust\u0105pi\u0142 miejsca upa\u0142owi, kt\u00f3ry wymaga\u0142 od sportowc\u00f3w ch\u0142odzenia si\u0119 lodem i wod\u0105. W Mistrzostwa \u015awiata w biegu 24-godzinnym, kt\u00f3re odby\u0142y si\u0119\u00a0 we francuskim Albi [&hellip;]<\/p>\n","protected":false},"author":1,"featured_media":3257,"comment_status":"closed","ping_status":"open","sticky":false,"template":"","format":"standard","meta":{"footnotes":""},"categories":[81,84,85],"tags":[],"class_list":["post-3253","post","type-post","status-publish","format-standard","has-post-thumbnail","hentry","category-region","category-sport","category-swinoujscie"],"_links":{"self":[{"href":"https:\/\/ewyspiarz.info\/ogloszenia\/wp-json\/wp\/v2\/posts\/3253","targetHints":{"allow":["GET"]}}],"collection":[{"href":"https:\/\/ewyspiarz.info\/ogloszenia\/wp-json\/wp\/v2\/posts"}],"about":[{"href":"https:\/\/ewyspiarz.info\/ogloszenia\/wp-json\/wp\/v2\/types\/post"}],"author":[{"embeddable":true,"href":"https:\/\/ewyspiarz.info\/ogloszenia\/wp-json\/wp\/v2\/users\/1"}],"replies":[{"embeddable":true,"href":"https:\/\/ewyspiarz.info\/ogloszenia\/wp-json\/wp\/v2\/comments?post=3253"}],"version-history":[{"count":0,"href":"https:\/\/ewyspiarz.info\/ogloszenia\/wp-json\/wp\/v2\/posts\/3253\/revisions"}],"wp:featuredmedia":[{"embeddable":true,"href":"https:\/\/ewyspiarz.info\/ogloszenia\/wp-json\/"}],"wp:attachment":[{"href":"https:\/\/ewyspiarz.info\/ogloszenia\/wp-json\/wp\/v2\/media?parent=3253"}],"wp:term":[{"taxonomy":"category","embeddable":true,"href":"https:\/\/ewyspiarz.info\/ogloszenia\/wp-json\/wp\/v2\/categories?post=3253"},{"taxonomy":"post_tag","embeddable":true,"href":"https:\/\/ewyspiarz.info\/ogloszenia\/wp-json\/wp\/v2\/tags?post=3253"}],"curies":[{"name":"wp","href":"https:\/\/api.w.org\/{rel}","templated":true}]}}