{"id":3270,"date":"2025-10-20T16:19:03","date_gmt":"2025-10-20T14:19:03","guid":{"rendered":"https:\/\/ewyspiarz.info\/?p=3270"},"modified":"2025-10-20T16:19:03","modified_gmt":"2025-10-20T14:19:03","slug":"ostatni-odcinek-swinoujscie-dargobadz-otwarty-dla-kierowcow","status":"publish","type":"post","link":"https:\/\/ewyspiarz.info\/ogloszenia\/2025\/10\/20\/ostatni-odcinek-swinoujscie-dargobadz-otwarty-dla-kierowcow\/","title":{"rendered":"Ostatni odcinek \u015awinouj\u015bcie \u2013 Dargob\u0105dz otwarty dla kierowc\u00f3w."},"content":{"rendered":"<div class=\"xdj266r x14z9mp xat24cr x1lziwak x1vvkbs x126k92a\">\n<div dir=\"auto\">S3 kompletna! Ostatni odcinek \u015awinouj\u015bcie \u2013 Dargob\u0105dz otwarty dla kierowc\u00f3w.<\/div>\n<\/div>\n<div class=\"x14z9mp xat24cr x1lziwak x1vvkbs xtlvy1s x126k92a\">\n<div dir=\"auto\">To historyczny moment dla infrastruktury drogowej w Polsce \u2013 zako\u0144czono budow\u0119 ostatniego brakuj\u0105cego fragmentu drogi ekspresowej S3.<\/div>\n<\/div>\n<div class=\"x14z9mp xat24cr x1lziwak x1vvkbs xtlvy1s x126k92a\">\n<div dir=\"auto\">Nowy, ponad 17-kilometrowy odcinek od \u015awinouj\u015bcia do Dargob\u0105dza oznacza, \u017ce ca\u0142a trasa S3 \u2013 od wybrze\u017ca Ba\u0142tyku po granic\u0119 z Czechami  \u2013 jest ju\u017c w pe\u0142ni przejezdna!<\/div>\n<\/div>\n<div class=\"x14z9mp xat24cr x1lziwak x1vvkbs xtlvy1s x126k92a\">\n<div dir=\"auto\">W ramach inwestycji powsta\u0142y:<\/div>\n<div dir=\"auto\">4 w\u0119z\u0142y drogowe (\u015awinouj\u015bcie, Terminal LNG, \u0141unowo, Mi\u0119dzyzdroje)<\/div>\n<div dir=\"auto\">10 wiadukt\u00f3w, 2 estakady i 9 przej\u015b\u0107 dla zwierz\u0105t<\/div>\n<div dir=\"auto\">dojazd do przysz\u0142ego portu kontenerowego w \u015awinouj\u015bciu<\/div>\n<\/div>\n<div class=\"x14z9mp xat24cr x1lziwak x1vvkbs xtlvy1s x126k92a\">\n<div dir=\"auto\">S3 to kluczowa o\u015b transportowa zachodniej Polski \u2013 \u0142\u0105czy autostrady A6, A2 i A4, porty morskie Szczecin\u2013\u015awinouj\u015bcie oraz stanowi cz\u0119\u015b\u0107 Transeuropejskiego Korytarza Transportowego Ba\u0142tyk &#8211; Adriatyk i mi\u0119dzynarodowej trasy E65.<\/div>\n<\/div>\n<div class=\"x14z9mp xat24cr x1lziwak x1vvkbs xtlvy1s x126k92a\">\n<div dir=\"auto\">Dzi\u0119ki uko\u0144czeniu tej trasy:<\/div>\n<div dir=\"auto\"><span class=\"html-span xexx8yu xyri2b x18d9i69 x1c1uobl x1hl2dhg x16tdsg8 x1vvkbs x3nfvp2 x1j61x8r x1fcty0u xdj266r xat24cr xm2jcoa x1mpyi22 xxymvpz xlup9mm x1kky2od\"><img loading=\"lazy\" decoding=\"async\" class=\"xz74otr x15mokao x1ga7v0g x16uus16 xbiv7yw\" src=\"https:\/\/static.xx.fbcdn.net\/images\/emoji.php\/v9\/t2d\/1\/16\/1f4cd.png\" alt=\"\ud83d\udccd\" width=\"16\" height=\"16\" \/><\/span> poprawi si\u0119 dost\u0119pno\u015b\u0107 \u015awinouj\u015bcia i regionu Pomorza Zachodniego<\/div>\n<div dir=\"auto\"><span class=\"html-span xexx8yu xyri2b x18d9i69 x1c1uobl x1hl2dhg x16tdsg8 x1vvkbs x3nfvp2 x1j61x8r x1fcty0u xdj266r xat24cr xm2jcoa x1mpyi22 xxymvpz xlup9mm x1kky2od\"><img loading=\"lazy\" decoding=\"async\" class=\"xz74otr x15mokao x1ga7v0g x16uus16 xbiv7yw\" src=\"https:\/\/static.xx.fbcdn.net\/images\/emoji.php\/v9\/t2d\/1\/16\/1f4cd.png\" alt=\"\ud83d\udccd\" width=\"16\" height=\"16\" \/><\/span> zwi\u0119kszy si\u0119 bezpiecze\u0144stwo i komfort kierowc\u00f3w<\/div>\n<div dir=\"auto\"><span class=\"html-span xexx8yu xyri2b x18d9i69 x1c1uobl x1hl2dhg x16tdsg8 x1vvkbs x3nfvp2 x1j61x8r x1fcty0u xdj266r xat24cr xm2jcoa x1mpyi22 xxymvpz xlup9mm x1kky2od\"><img loading=\"lazy\" decoding=\"async\" class=\"xz74otr x15mokao x1ga7v0g x16uus16 xbiv7yw\" src=\"https:\/\/static.xx.fbcdn.net\/images\/emoji.php\/v9\/t2d\/1\/16\/1f4cd.png\" alt=\"\ud83d\udccd\" width=\"16\" height=\"16\" \/><\/span> wzro\u015bnie konkurencyjno\u015b\u0107 polskich port\u00f3w morskich na arenie europejskiej<\/div>\n<\/div>\n<div class=\"x14z9mp xat24cr x1lziwak x1vvkbs xtlvy1s x126k92a\">\n<div dir=\"auto\">&#8211; To wi\u0119cej ni\u017c droga \u2013 to infrastruktura, kt\u00f3ra poprzez porty Szczecin-\u015awinouj\u015bcie \u0142\u0105czy p\u00f3\u0142noc z po\u0142udniem Europy. Jej uruchomienie znacz\u0105co wp\u0142ywa na wzrost konkurencyjno\u015bci naszych port\u00f3w i otwiera nowe perspektywy rozwoju dla ca\u0142ego regionu \u2013 powiedzia\u0142 wiceminister infrastruktury <span class=\"html-span xdj266r x14z9mp xat24cr x1lziwak xexx8yu xyri2b x18d9i69 x1c1uobl x1hl2dhg x16tdsg8 x1vvkbs\"><a class=\"x1i10hfl xjbqb8w x1ejq31n x18oe1m7 x1sy0etr xstzfhl x972fbf x10w94by x1qhh985 x14e42zd x9f619 x1ypdohk xt0psk2 x3ct3a4 xdj266r x14z9mp xat24cr x1lziwak xexx8yu xyri2b x18d9i69 x1c1uobl x16tdsg8 x1hl2dhg xggy1nq x1a2a7pz xkrqix3 x1sur9pj x1fey0fg x1s688f\" tabindex=\"0\" role=\"link\" href=\"https:\/\/www.facebook.com\/marchewka.arkadiusz?__cft__[0]=AZXw2_OLKkg2CAeTfH_6gYZtpejugLmkATT5KPxEhwok8ULQPghZ7n14NFAXxX9smfHE8GrWwHC1wNclNH4j-u8G6cDcPC4x3Cgs47GgE7XLP0VxxBJuc7APB30-L1NCmi0sWLkemi1p5m9mBmf4YIKAn_xXz-iUPwl5GFZV-MBWgyCxDzOw45cPHRcBcssLffw&amp;__tn__=-]K-R\"><span class=\"xt0psk2\"><span class=\"xjp7ctv\">Arkadiusz Marchewka<\/span><\/span><\/a><\/span>.<\/div>\n<\/div>\n<p><strong>Dalsze prace poza jezdniami g\u0142\u00f3wnymi<\/strong><br \/>\nOddanie do ruchu jezdni g\u0142\u00f3wnych nie oznacza jeszcze ca\u0142kowitego zako\u0144czenia prac zwi\u0105zanych z inwestycj\u0105. Kontynuowane b\u0119d\u0105 prace przy jezdniach dodatkowych, roboty porz\u0105dkowe, nasadzenia zieleni oraz prace wyko\u0144czeniowe. Do zako\u0144czenia na odcinku Dargob\u0105dz &#8211; Troszyn pozostaje jeszcze para Miejsc Obs\u0142ugi Podr\u00f3\u017cnych Dargob\u0105dz oraz Obw\u00f3d Utrzymania Drogi przy w\u0119\u017ale Wolin Wsch\u00f3d. Wykonawca musi r\u00f3wnie\u017c doko\u0144czy\u0107 prace przy przebudowie ul. Mickiewicza w Wolinie. Na odcinku \u015awinouj\u015bcie &#8211; Dargob\u0105dz przez najbli\u017csze tygodnie b\u0119dzie jeszcze zamkni\u0119ty w\u0119ze\u0142 \u015awinouj\u015bcie Terminal LNG. Wykonawca ma do ko\u0144ca roku zdemontowa\u0107 znajduj\u0105c\u0105 si\u0119 przy w\u0119\u017ale wytw\u00f3rni\u0119 mas bitumicznych i zako\u0144czy\u0107 tu pozosta\u0142e prace. <\/p>\n<p>Foto. Generalna Dyrekcja Dr\u00f3g Krajowych i Autostrad &#8211; Oddzia\u0142 Szczecin<\/p>\n","protected":false},"excerpt":{"rendered":"<p>S3 kompletna! Ostatni odcinek \u015awinouj\u015bcie \u2013 Dargob\u0105dz otwarty dla kierowc\u00f3w. To historyczny moment dla infrastruktury drogowej w Polsce \u2013 zako\u0144czono budow\u0119 ostatniego brakuj\u0105cego fragmentu drogi ekspresowej S3. Nowy, ponad 17-kilometrowy odcinek od \u015awinouj\u015bcia do Dargob\u0105dza oznacza, \u017ce ca\u0142a trasa S3 \u2013 od wybrze\u017ca Ba\u0142tyku po granic\u0119 z Czechami \u2013 jest ju\u017c w pe\u0142ni przejezdna! W [&hellip;]<\/p>\n","protected":false},"author":1,"featured_media":3271,"comment_status":"closed","ping_status":"open","sticky":false,"template":"","format":"standard","meta":{"footnotes":""},"categories":[85],"tags":[],"class_list":["post-3270","post","type-post","status-publish","format-standard","has-post-thumbnail","hentry","category-swinoujscie"],"_links":{"self":[{"href":"https:\/\/ewyspiarz.info\/ogloszenia\/wp-json\/wp\/v2\/posts\/3270","targetHints":{"allow":["GET"]}}],"collection":[{"href":"https:\/\/ewyspiarz.info\/ogloszenia\/wp-json\/wp\/v2\/posts"}],"about":[{"href":"https:\/\/ewyspiarz.info\/ogloszenia\/wp-json\/wp\/v2\/types\/post"}],"author":[{"embeddable":true,"href":"https:\/\/ewyspiarz.info\/ogloszenia\/wp-json\/wp\/v2\/users\/1"}],"replies":[{"embeddable":true,"href":"https:\/\/ewyspiarz.info\/ogloszenia\/wp-json\/wp\/v2\/comments?post=3270"}],"version-history":[{"count":0,"href":"https:\/\/ewyspiarz.info\/ogloszenia\/wp-json\/wp\/v2\/posts\/3270\/revisions"}],"wp:featuredmedia":[{"embeddable":true,"href":"https:\/\/ewyspiarz.info\/ogloszenia\/wp-json\/"}],"wp:attachment":[{"href":"https:\/\/ewyspiarz.info\/ogloszenia\/wp-json\/wp\/v2\/media?parent=3270"}],"wp:term":[{"taxonomy":"category","embeddable":true,"href":"https:\/\/ewyspiarz.info\/ogloszenia\/wp-json\/wp\/v2\/categories?post=3270"},{"taxonomy":"post_tag","embeddable":true,"href":"https:\/\/ewyspiarz.info\/ogloszenia\/wp-json\/wp\/v2\/tags?post=3270"}],"curies":[{"name":"wp","href":"https:\/\/api.w.org\/{rel}","templated":true}]}}