{"id":3337,"date":"2025-11-03T18:37:53","date_gmt":"2025-11-03T17:37:53","guid":{"rendered":"https:\/\/ewyspiarz.info\/?p=3337"},"modified":"2025-11-03T18:37:53","modified_gmt":"2025-11-03T17:37:53","slug":"listopadowy-423-parkrun-dla-pamieci-i-wspolnoty","status":"publish","type":"post","link":"https:\/\/ewyspiarz.info\/ogloszenia\/2025\/11\/03\/listopadowy-423-parkrun-dla-pamieci-i-wspolnoty\/","title":{"rendered":"Listopadowy 423. parkrun \u2013 dla pami\u0119ci i wsp\u00f3lnoty"},"content":{"rendered":"<div dir=\"auto\">1 listopada 2025 roku w \u015awinouj\u015bciu odby\u0142 si\u0119 423. parkrun, kt\u00f3ry mimo listopadowej daty przyci\u0105gn\u0105\u0142 wielu mi\u0142o\u015bnik\u00f3w aktywno\u015bci. W dniu, w kt\u00f3rym wspominamy tych, kt\u00f3rzy odeszli, uczestnicy uczcili pami\u0119\u0107 bliskich w wyj\u0105tkowy spos\u00f3b \u2013 biegiem, spacerem, wsp\u00f3lnym wysi\u0142kiem i u\u015bmiechem. Atmosfera by\u0142a pe\u0142na refleksji, ale tak\u017ce pozytywnej energii i wzajemnego wsparcia.<\/div>\n<div dir=\"auto\">Na trasie pojawi\u0142o si\u0119 41 uczestnik\u00f3w. Pierwszy na mecie zameldowa\u0142 si\u0119 Sylwester Sw\u0119drowski z czasem 19:50, za nim finiszowa\u0142 Mariusz Helt (20:06), a trzeci by\u0142 \u0141ukasz Gawle (21:07). W\u015br\u00f3d kobiet najlepszy wynik osi\u0105gn\u0119\u0142a Karina Mikulska-Gawle, kt\u00f3ra uko\u0144czy\u0142a bieg w czasie 26:33.<\/div>\n<div dir=\"auto\">Wielkie brawa nale\u017c\u0105 si\u0119 r\u00f3wnie\u017c tym, kt\u00f3rzy dzi\u015b poprawili swoje rekordy \u017cyciowe \u2013 Robertowi \u015awirgoniowi, Marcinowi D\u0105bkowi oraz Helenie Grudzie\u0144.<\/div>\n<div>Szczeg\u00f3\u0142owe wyniki:<\/div>\n<div><a href=\"https:\/\/www.parkrun.pl\/swinoujscie\/results\/latestresults\/\" target=\"_blank\" rel=\"noopener noreferrer\" data-saferedirecturl=\"https:\/\/zasobygwp.pl\/redirect?sig=edb459b67f50e2eb9fb999303ee888d2b733e142504e26d9719608c3f90d05e8&amp;url=aHR0cHM6Ly93d3cucGFya3J1bi5wbC9zd2lub3Vqc2NpZS9yZXN1bHRzL2xhdGVzdHJlc3VsdHMv&amp;platform=desktop&amp;brand=wp\">https:\/\/www.parkrun.pl\/swinoujscie\/results\/latestresults\/<\/a><\/div>\n<div>Nie zabrak\u0142o r\u00f3wnie\u017c zaanga\u017cowania ze strony wolontariuszy, dzi\u0119ki kt\u00f3rym wydarzenie mog\u0142o si\u0119 odby\u0107. Szczeg\u00f3lne brawa nale\u017c\u0105 si\u0119 najm\u0142odszej wolontariuszce Larysie, kt\u00f3ra z u\u015bmiechem wspiera\u0142a mam\u0119 przy wydawaniu token\u00f3w. To pi\u0119kny przyk\u0142ad rodzinnego ducha parkrun \u2013 wsp\u00f3lnego dzia\u0142ania, niezale\u017cnie od wieku.<\/div>\n<div dir=\"auto\">Wielkie podzi\u0119kowania dla wszystkich, kt\u00f3rzy dzi\u015b pomogli w organizacji biegu: Anety Burnat-Szcz\u0119snej, Arkadiusza Drzewieckiego, El\u017cbiety Jab\u0142o\u0144skiej, Miros\u0142awa Jab\u0142o\u0144skiego, Ja\u015bminy Poli Kaczmarek, Joanny Karpis, Zbigniewa Kosela, Andr\u00e9 Lubitza, Marcina Ruci\u0144skiego, Dominiki Tosnowiec, Gra\u017cyny Wojcickiej i Piotra Zgrai.<\/div>\n<div dir=\"auto\">Dzisiejsze spotkanie parkrunowe przypomnia\u0142o, \u017ce ruch, \u017cyczliwo\u015b\u0107 i wsp\u00f3lnota to warto\u015bci, kt\u00f3re pozwalaj\u0105 zachowa\u0107 pami\u0119\u0107 o tym, co najwa\u017cniejsze \u2013 o \u017cyciu, kt\u00f3re trwa w dobrych gestach i wsp\u00f3lnych chwilach. Do zobaczenia w kolejn\u0105 sobot\u0119 na \u015bcie\u017ckach Parku Zdrojowego tym razem w bia\u0142o-czerwonych barwach dla uczczenia Narodowego \u015awi\u0119ta Niepodleg\u0142o\u015bci.<\/div>\n<div dir=\"auto\"><strong>Zesp\u00f3\u0142 parkrun \u015awinouj\u015bcie<\/strong><\/div>\n<div dir=\"auto\"><strong>fot Marcin Ruci\u0144ski<\/strong><\/div>\n","protected":false},"excerpt":{"rendered":"<p>1 listopada 2025 roku w \u015awinouj\u015bciu odby\u0142 si\u0119 423. parkrun, kt\u00f3ry mimo listopadowej daty przyci\u0105gn\u0105\u0142 wielu mi\u0142o\u015bnik\u00f3w aktywno\u015bci. W dniu, w kt\u00f3rym wspominamy tych, kt\u00f3rzy odeszli, uczestnicy uczcili pami\u0119\u0107 bliskich w wyj\u0105tkowy spos\u00f3b \u2013 biegiem, spacerem, wsp\u00f3lnym wysi\u0142kiem i u\u015bmiechem. Atmosfera by\u0142a pe\u0142na refleksji, ale tak\u017ce pozytywnej energii i wzajemnego wsparcia. Na trasie pojawi\u0142o si\u0119 [&hellip;]<\/p>\n","protected":false},"author":1,"featured_media":3338,"comment_status":"closed","ping_status":"open","sticky":false,"template":"","format":"standard","meta":{"footnotes":""},"categories":[84,85],"tags":[392],"class_list":["post-3337","post","type-post","status-publish","format-standard","has-post-thumbnail","hentry","category-sport","category-swinoujscie","tag-392"],"_links":{"self":[{"href":"https:\/\/ewyspiarz.info\/ogloszenia\/wp-json\/wp\/v2\/posts\/3337","targetHints":{"allow":["GET"]}}],"collection":[{"href":"https:\/\/ewyspiarz.info\/ogloszenia\/wp-json\/wp\/v2\/posts"}],"about":[{"href":"https:\/\/ewyspiarz.info\/ogloszenia\/wp-json\/wp\/v2\/types\/post"}],"author":[{"embeddable":true,"href":"https:\/\/ewyspiarz.info\/ogloszenia\/wp-json\/wp\/v2\/users\/1"}],"replies":[{"embeddable":true,"href":"https:\/\/ewyspiarz.info\/ogloszenia\/wp-json\/wp\/v2\/comments?post=3337"}],"version-history":[{"count":0,"href":"https:\/\/ewyspiarz.info\/ogloszenia\/wp-json\/wp\/v2\/posts\/3337\/revisions"}],"wp:featuredmedia":[{"embeddable":true,"href":"https:\/\/ewyspiarz.info\/ogloszenia\/wp-json\/"}],"wp:attachment":[{"href":"https:\/\/ewyspiarz.info\/ogloszenia\/wp-json\/wp\/v2\/media?parent=3337"}],"wp:term":[{"taxonomy":"category","embeddable":true,"href":"https:\/\/ewyspiarz.info\/ogloszenia\/wp-json\/wp\/v2\/categories?post=3337"},{"taxonomy":"post_tag","embeddable":true,"href":"https:\/\/ewyspiarz.info\/ogloszenia\/wp-json\/wp\/v2\/tags?post=3337"}],"curies":[{"name":"wp","href":"https:\/\/api.w.org\/{rel}","templated":true}]}}