{"id":3462,"date":"2025-12-02T21:42:34","date_gmt":"2025-12-02T20:42:34","guid":{"rendered":"https:\/\/host124752.xce.pl\/swinoujscie\/?p=3462"},"modified":"2025-12-02T21:42:34","modified_gmt":"2025-12-02T20:42:34","slug":"proporzec-marynarki-wojennej-na-swinoujskiej-latarni-hold-dla-107-rocznicy-utworzenia-polskiej-floty","status":"publish","type":"post","link":"https:\/\/ewyspiarz.info\/ogloszenia\/2025\/12\/02\/proporzec-marynarki-wojennej-na-swinoujskiej-latarni-hold-dla-107-rocznicy-utworzenia-polskiej-floty\/","title":{"rendered":"Proporzec Marynarki Wojennej na \u015bwinoujskiej latarni. Ho\u0142d dla 107. rocznicy utworzenia polskiej floty"},"content":{"rendered":"<p class=\"gwp847f3596_v1p1\">W pi\u0105tkowy poranek na \u015bwinoujskiej latarni morskiej \u2013 najwy\u017cszej na polskim wybrze\u017cu \u2013 podniesiono proporzec Marynarki Wojennej. Wci\u0105gni\u0119cie imponuj\u0105cej, licz\u0105cej oko\u0142o 150 metr\u00f3w kwadratowych bandery zorganizowano z okazji \u015awi\u0119ta Marynarki Wojennej oraz 107. rocznicy wydania przez marsza\u0142ka J\u00f3zefa Pi\u0142sudskiego dekretu o utworzeniu polskiej floty wojennej.<\/p>\n<p class=\"gwp847f3596_v1p1\">\u2013\u00a0<em>Czcimy rocznic\u0119, wci\u0105gaj\u0105c na ten najpi\u0119kniejszy maszt proporzec<\/em>\u00a0\u2013 m\u00f3wi\u0142 Piotr Piwowarczyk ze \u015awinoujskiej Organizacji Turystycznej, podkre\u015blaj\u0105c symboliczny wymiar uroczysto\u015bci.<span class=\"gwp847f3596_v1Apple-converted-space\">\u00a0<\/span><\/p>\n<p class=\"gwp847f3596_v1p1\">Wydarzenie zorganizowali cz\u0142onkowie Stowarzyszenia Mi\u0142o\u015bnik\u00f3w Latar\u0144 Morskich, przedstawiciele \u015awinoujskiej Organizacji Turystycznej oraz liczni wolontariusze.<\/p>\n<p class=\"gwp847f3596_v1p1\">Marynarka Wojenna zosta\u0142a powo\u0142ana 28 listopada 1918 roku rozkazem marsza\u0142ka Pi\u0142sudskiego. Co znamienne, w chwili jej tworzenia odrodzona Polska nie mia\u0142a jeszcze dost\u0119pu do morza \u2013 musia\u0142a na niego poczeka\u0107. Po II wojnie \u015bwiatowej polsk\u0105 flot\u0119 reaktywowano 7 lipca 1945 roku. Do kraju powr\u00f3ci\u0142a cz\u0119\u015b\u0107 przedwojennych okr\u0119t\u00f3w, a r\u00f3wnolegle budowano nowe jednostki, w tym te oparte o radzieckie wyposa\u017cenie.<\/p>\n<p class=\"gwp847f3596_v1p1\">Pi\u0105tkowa uroczysto\u015b\u0107 na latarni morskiej w \u015awinouj\u015bciu sta\u0142a si\u0119 nie tylko pi\u0119knym gestem pami\u0119ci o pocz\u0105tkach polskiej Marynarki Wojennej, ale te\u017c efektownym przypomnieniem, \u017ce morskie tradycje wci\u0105\u017c s\u0105 wa\u017cn\u0105 cz\u0119\u015bci\u0105 to\u017csamo\u015bci naszego miasta.<\/p>\n<p>&nbsp;<\/p>\n<div id=\"gwp847f3596_v1_rc_sig\">\n<p>&#8212;<\/p>\n<div class=\"gwp847f3596_v1pre\">Z wyrazami szacunku,<br \/>\nWojciech Basa\u0142ygo<br \/>\npodinspektor<br \/>\n<strong>Biuro Informacji i Konsultacji Spo\u0142ecznych<\/strong><\/div>\n<\/div>\n","protected":false},"excerpt":{"rendered":"<p>W pi\u0105tkowy poranek na \u015bwinoujskiej latarni morskiej \u2013 najwy\u017cszej na polskim wybrze\u017cu \u2013 podniesiono proporzec Marynarki Wojennej. Wci\u0105gni\u0119cie imponuj\u0105cej, licz\u0105cej oko\u0142o 150 metr\u00f3w kwadratowych bandery zorganizowano z okazji \u015awi\u0119ta Marynarki Wojennej oraz 107. rocznicy wydania przez marsza\u0142ka J\u00f3zefa Pi\u0142sudskiego dekretu o utworzeniu polskiej floty wojennej. \u2013\u00a0Czcimy rocznic\u0119, wci\u0105gaj\u0105c na ten najpi\u0119kniejszy maszt proporzec\u00a0\u2013 m\u00f3wi\u0142 Piotr [&hellip;]<\/p>\n","protected":false},"author":1,"featured_media":3956,"comment_status":"closed","ping_status":"open","sticky":false,"template":"","format":"standard","meta":{"footnotes":""},"categories":[85],"tags":[],"class_list":["post-3462","post","type-post","status-publish","format-standard","has-post-thumbnail","hentry","category-swinoujscie"],"_links":{"self":[{"href":"https:\/\/ewyspiarz.info\/ogloszenia\/wp-json\/wp\/v2\/posts\/3462","targetHints":{"allow":["GET"]}}],"collection":[{"href":"https:\/\/ewyspiarz.info\/ogloszenia\/wp-json\/wp\/v2\/posts"}],"about":[{"href":"https:\/\/ewyspiarz.info\/ogloszenia\/wp-json\/wp\/v2\/types\/post"}],"author":[{"embeddable":true,"href":"https:\/\/ewyspiarz.info\/ogloszenia\/wp-json\/wp\/v2\/users\/1"}],"replies":[{"embeddable":true,"href":"https:\/\/ewyspiarz.info\/ogloszenia\/wp-json\/wp\/v2\/comments?post=3462"}],"version-history":[{"count":0,"href":"https:\/\/ewyspiarz.info\/ogloszenia\/wp-json\/wp\/v2\/posts\/3462\/revisions"}],"wp:featuredmedia":[{"embeddable":true,"href":"https:\/\/ewyspiarz.info\/ogloszenia\/wp-json\/"}],"wp:attachment":[{"href":"https:\/\/ewyspiarz.info\/ogloszenia\/wp-json\/wp\/v2\/media?parent=3462"}],"wp:term":[{"taxonomy":"category","embeddable":true,"href":"https:\/\/ewyspiarz.info\/ogloszenia\/wp-json\/wp\/v2\/categories?post=3462"},{"taxonomy":"post_tag","embeddable":true,"href":"https:\/\/ewyspiarz.info\/ogloszenia\/wp-json\/wp\/v2\/tags?post=3462"}],"curies":[{"name":"wp","href":"https:\/\/api.w.org\/{rel}","templated":true}]}}