{"id":4322,"date":"2025-12-10T13:19:50","date_gmt":"2025-12-10T12:19:50","guid":{"rendered":"https:\/\/ewyspiarz.info\/?p=4101"},"modified":"2025-12-10T13:19:50","modified_gmt":"2025-12-10T12:19:50","slug":"tymczasowa-zmiana-trasy-przejazdu-linii-autobusowej-nr-7","status":"publish","type":"post","link":"https:\/\/ewyspiarz.info\/ogloszenia\/2025\/12\/10\/tymczasowa-zmiana-trasy-przejazdu-linii-autobusowej-nr-7\/","title":{"rendered":"Tymczasowa zmiana trasy przejazdu linii autobusowej nr 7"},"content":{"rendered":"<p class=\"gwp594da437_MsoNormal\">Na pro\u015bb\u0119 Komunikacji Autobusowej, poni\u017cej przekazuj\u0119 komunikat.<\/p>\n<p>Komunikacja Autobusowa Sp. z o.o. w \u015awinouj\u015bciu informuje, \u017ce\u00a0<strong>w zwi\u0105zku z zaplanowanymi pracami remontowymi i zamkni\u0119ciem od dnia 12 grudnia ul. S\u0105siedzkiej na odcinku od ul. Pomorskiej do ronda przy trasie S3<\/strong>, nast\u0105pi\u00a0<strong>tymczasowa zmiana trasy przejazdu linii autobusowej nr 7<\/strong>.<\/p>\n<p>Zmiana obowi\u0105zuje\u00a0<strong>do czasu zako\u0144czenia prac drogowych<\/strong>.<\/p>\n<p><strong>1. Kierunek: Przyt\u00f3r\u00a0<\/strong><strong>\u2192<\/strong><strong>\u00a0\u0141unowo<\/strong><\/p>\n<p>Po obs\u0142u\u017ceniu przystanku\u00a0<strong>Przyt\u00f3r \u2013 Dworzec PKP<\/strong>\u00a0autobus pojedzie:<\/p>\n<p>\u00b7\u00a0\u00a0\u00a0\u00a0\u00a0\u00a0\u00a0\u00a0\u00a0ul.\u00a0<strong>Woli\u0144sk\u0105<\/strong>\u00a0do\u00a0<strong>Ronda \u0141unowo<\/strong>,<\/p>\n<p>\u00b7\u00a0\u00a0\u00a0\u00a0\u00a0\u00a0\u00a0\u00a0\u00a0nast\u0119pnie ul.\u00a0<strong>Pomorsk\u0105<\/strong>,<\/p>\n<p>o\u00a0\u00a0\u00a0\u00a0obs\u0142u\u017cy przystanki\u00a0<strong>Pomorska \/ Sztormowa<\/strong>\u00a0i\u00a0<strong>Pomorska \/ Sucha<\/strong>,<\/p>\n<p>\u00b7\u00a0\u00a0\u00a0\u00a0\u00a0\u00a0\u00a0\u00a0\u00a0po czym skr\u0119ci w ul.\u00a0<strong>S\u0105siedzk\u0105<\/strong>\u00a0i dalej b\u0119dzie kontynuowa\u0142 jazd\u0119\u00a0<strong>standardow\u0105 tras\u0105<\/strong><\/p>\n<p>\u00b7\u00a0\u00a0\u00a0\u00a0\u00a0\u00a0\u00a0\u00a0\u00a0<strong>po przystanku Odrza\u0144ska-rondo<\/strong>, przez Rondo-\u0141unowo pojedzie dalej ulic\u0105 Woli\u0144sk\u0105 i standardow\u0105 tras\u0105.<\/p>\n<p><strong>Uwaga:<\/strong>\u00a0autobus\u00a0<strong>nie zatrzyma si\u0119 na przystanku Rondo \u0141unowo<\/strong>.<\/p>\n<p><strong>2. Kierunek: \u0141unowo\u00a0<\/strong><strong>\u2192<\/strong><strong>\u00a0Przyt\u00f3r<\/strong><\/p>\n<p>Po obs\u0142u\u017ceniu przystanku\u00a0<strong>Przyt\u00f3r \u2013 Dworzec PKP<\/strong>\u00a0autobus pojedzie:<\/p>\n<p>\u00b7\u00a0\u00a0\u00a0\u00a0\u00a0\u00a0\u00a0\u00a0\u00a0ul.\u00a0<strong>Woli\u0144sk\u0105<\/strong>\u00a0do\u00a0<strong>Ronda \u0141unowo<\/strong>,<\/p>\n<p>\u00b7\u00a0\u00a0\u00a0\u00a0\u00a0\u00a0\u00a0\u00a0\u00a0dalej ul.\u00a0<strong>Odrza\u0144sk\u0105<\/strong>\u00a0po\u00a0<strong>standardowej trasie<\/strong>,<\/p>\n<p>\u00b7\u00a0\u00a0\u00a0\u00a0\u00a0\u00a0\u00a0\u00a0\u00a0po przystanku\u00a0<strong>S\u0105siedzka \/ Pomorska<\/strong>\u00a0autobus skr\u0119ci w ul.\u00a0<strong>Pomorsk\u0105<\/strong>,<\/p>\n<p>o\u00a0\u00a0\u00a0\u00a0obs\u0142u\u017cy przystanki\u00a0<strong>Pomorska \/ Sucha<\/strong>\u00a0i\u00a0<strong>Pomorska \/ Sztormowa<\/strong>,<\/p>\n<p>\u00b7\u00a0\u00a0\u00a0\u00a0\u00a0\u00a0\u00a0\u00a0\u00a0nast\u0119pnie wr\u00f3ci do\u00a0<strong>Ronda \u0141unowo<\/strong>\u00a0i dalej pojedzie ul.\u00a0<strong>Woli\u0144sk\u0105<\/strong>\u00a0po standardowej trasie.<\/p>\n<p><strong>Uwaga:<\/strong>\u00a0r\u00f3wnie\u017c w tym kierunku autobus\u00a0<strong>nie zatrzyma si\u0119 na przystanku Rondo \u0141unowo<\/strong>.<\/p>\n<p>Za utrudnienia przepraszamy i prosimy o uwzgl\u0119dnienie zmian podczas planowania podr\u00f3\u017cy.<\/p>\n<p class=\"gwp594da437_MsoNormal\"><b><i>Z wyrazami szacunku,<\/i><\/b><\/p>\n<p class=\"gwp594da437_MsoNormal\"><b><i>Wojciech Basa\u0142ygo<\/i><\/b><\/p>\n<p class=\"gwp594da437_MsoNormal\"><b><i>Podinspektor<\/i><\/b><\/p>\n<p class=\"gwp594da437_MsoNormal\"><b><i>Biuro Informacji i Konsultacji Spo\u0142ecznych<\/i><\/b><\/p>\n","protected":false},"excerpt":{"rendered":"<p>Na pro\u015bb\u0119 Komunikacji Autobusowej, poni\u017cej przekazuj\u0119 komunikat. Komunikacja Autobusowa Sp. z o.o. w \u015awinouj\u015bciu informuje, \u017ce\u00a0w zwi\u0105zku z zaplanowanymi pracami remontowymi i zamkni\u0119ciem od dnia 12 grudnia ul. S\u0105siedzkiej na odcinku od ul. Pomorskiej do ronda przy trasie S3, nast\u0105pi\u00a0tymczasowa zmiana trasy przejazdu linii autobusowej nr 7. Zmiana obowi\u0105zuje\u00a0do czasu zako\u0144czenia prac drogowych. 1. Kierunek: [&hellip;]<\/p>\n","protected":false},"author":1,"featured_media":2217,"comment_status":"closed","ping_status":"closed","sticky":false,"template":"","format":"standard","meta":{"footnotes":""},"categories":[78],"tags":[],"class_list":["post-4322","post","type-post","status-publish","format-standard","has-post-thumbnail","hentry","category-komunikat"],"_links":{"self":[{"href":"https:\/\/ewyspiarz.info\/ogloszenia\/wp-json\/wp\/v2\/posts\/4322","targetHints":{"allow":["GET"]}}],"collection":[{"href":"https:\/\/ewyspiarz.info\/ogloszenia\/wp-json\/wp\/v2\/posts"}],"about":[{"href":"https:\/\/ewyspiarz.info\/ogloszenia\/wp-json\/wp\/v2\/types\/post"}],"author":[{"embeddable":true,"href":"https:\/\/ewyspiarz.info\/ogloszenia\/wp-json\/wp\/v2\/users\/1"}],"replies":[{"embeddable":true,"href":"https:\/\/ewyspiarz.info\/ogloszenia\/wp-json\/wp\/v2\/comments?post=4322"}],"version-history":[{"count":0,"href":"https:\/\/ewyspiarz.info\/ogloszenia\/wp-json\/wp\/v2\/posts\/4322\/revisions"}],"wp:featuredmedia":[{"embeddable":true,"href":"https:\/\/ewyspiarz.info\/ogloszenia\/wp-json\/"}],"wp:attachment":[{"href":"https:\/\/ewyspiarz.info\/ogloszenia\/wp-json\/wp\/v2\/media?parent=4322"}],"wp:term":[{"taxonomy":"category","embeddable":true,"href":"https:\/\/ewyspiarz.info\/ogloszenia\/wp-json\/wp\/v2\/categories?post=4322"},{"taxonomy":"post_tag","embeddable":true,"href":"https:\/\/ewyspiarz.info\/ogloszenia\/wp-json\/wp\/v2\/tags?post=4322"}],"curies":[{"name":"wp","href":"https:\/\/api.w.org\/{rel}","templated":true}]}}