{"id":4514,"date":"2026-02-25T03:06:05","date_gmt":"2026-02-25T02:06:05","guid":{"rendered":"https:\/\/ewyspiarz.info\/wyspiarz\/?p=4514"},"modified":"2026-02-25T03:06:05","modified_gmt":"2026-02-25T02:06:05","slug":"poezja-marka-zymly-wybrzmiala-w-galerii-art","status":"publish","type":"post","link":"https:\/\/ewyspiarz.info\/ogloszenia\/2026\/02\/25\/poezja-marka-zymly-wybrzmiala-w-galerii-art\/","title":{"rendered":"Poezja Marka \u017bym\u0142y wybrzmia\u0142a w Galerii ART"},"content":{"rendered":"<p dir=\"auto\">W sobotni wiecz\u00f3r 21 lutego 2026 roku Galeria ART w Miejskim Domu Kultury w \u015awinouj\u015bciu sta\u0142a si\u0119 przestrzeni\u0105, w kt\u00f3rej s\u0142owo poetyckie spotka\u0142o si\u0119 z obrazem fotograficznym. W\u0142a\u015bnie tego dnia odby\u0142 si\u0119 wiecz\u00f3r autorski <strong>Marka \u017bym\u0142y<\/strong> \u2013 teatrologa, aktora i poety \u2013 promuj\u0105cy jego najnowszy, czwarty ju\u017c tomik wierszy zatytu\u0142owany <strong>\u201eW g\u0142\u0105b lustra i poza nim\u201d<\/strong>.<\/p>\n<p dir=\"auto\">Marek \u017bym\u0142a, posta\u0107 dobrze znana \u015bwinoujskiej publiczno\u015bci, od lat \u0142\u0105czy w swojej tw\u00f3rczo\u015bci wra\u017cliwo\u015b\u0107 teatraln\u0105 z liryczn\u0105 precyzj\u0105. Jako by\u0142y aktor teatr\u00f3w alternatywnych (m.in. Na-Di i KTO) oraz autor tekst\u00f3w piosenek, potrafi w wierszach odda\u0107 zar\u00f3wno dramaturgi\u0119 codzienno\u015bci, jak i subteln\u0105 gr\u0119 znacze\u0144. Nowy tomik \u2013 jak sugeruje sam tytu\u0142 \u2013 zaprasza czytelnika do zanurzenia si\u0119 w przestrze\u0144 refleksji, autoanalizy i przekraczania granic tego, co widoczne na pierwszy rzut oka. Lustro staje si\u0119 tu nie tylko metafor\u0105 introspekcji, ale te\u017c symbolem granicy mi\u0119dzy jaw\u0105 a snem, prawd\u0105 a iluzj\u0105, \u201eja\u201d a tym, co poza nim ukryte.<\/p>\n<p dir=\"auto\">Wiersze prezentowane podczas wieczoru wybrzmia\u0142y w szczeg\u00f3lnej scenerii. Tego samego dnia o godzinie 18:00 oficjalnie otwarta zosta\u0142a wystawa fotografii <strong>\u201eODRA\u201d<\/strong>, sk\u0142adaj\u0105ca si\u0119 z archiwalnych zdj\u0119\u0107 zwi\u0105zanych z Przedsi\u0119biorstwem Po\u0142ow\u00f3w i Przetw\u00f3rstwa Dzia\u0142a\u0144 Rybackich \u201eOdra\u201d. Czarno-bia\u0142e kadry dokumentuj\u0105ce prac\u0119 rybak\u00f3w, portowe realia, ci\u0119\u017ck\u0105 fizyczn\u0105 robot\u0119 i specyficzny klimat dawnego \u015awinouj\u015bcia stworzy\u0142y poruszaj\u0105ce t\u0142o dla poetyckiej wypowiedzi. S\u0142owa Marka \u017bym\u0142y, cz\u0119sto intymne i skupione na wn\u0119trzu cz\u0142owieka, kontrastowa\u0142y z surow\u0105, zewn\u0119trzn\u0105 dokumentacj\u0105 morskiego \u017cycia \u2013 a jednocze\u015bnie w zaskakuj\u0105cy spos\u00f3b z ni\u0105 rezonowa\u0142y.<\/p>\n<p dir=\"auto\">Wydarzenie mia\u0142o charakter podw\u00f3jny i symultaniczny: z jednej strony wernisa\u017c wystawy przygotowany przez archiwum MDK i pasjonat\u00f3w lokalnej historii, z drugiej \u2013 osobisty, liryczny recital poetycki. Publiczno\u015b\u0107 mog\u0142a wi\u0119c do\u015bwiadczy\u0107 jednocze\u015bnie dw\u00f3ch narracji o \u015awinouj\u015bciu: jednej zakorzenionej w materialnej, robotniczej przesz\u0142o\u015bci miasta portowego i drugiej \u2013 intymnej, egzystencjalnej, uniwersalnej.<\/p>\n<p dir=\"auto\">Wiecz\u00f3r poprowadzi\u0142 (lub wsp\u00f3\u0142tworzy\u0142) Jacek Walczak \u2013 animator kultury i wieloletni obserwator \u015bwinoujskiego \u017cycia artystycznego. Atmosfera by\u0142a kameralna, ale pe\u0142na skupienia. Po prezentacji wybranych utwor\u00f3w z tomiku nie zabrak\u0142o pyta\u0144 od publiczno\u015bci i rozm\u00f3w przy kieliszku wina \u2013 bo w \u015awinouj\u015bciu poezja rzadko ko\u0144czy si\u0119 na samym czytaniu.<\/p>\n<p dir=\"auto\"><strong>\u201eW g\u0142\u0105b lustra i poza nim\u201d<\/strong> to ju\u017c czwarta poetycka ksi\u0105\u017cka Marka \u017bym\u0142y. Poprzednie tomy (w tym debiutancka \u201eSuma\u201d, doceniona m.in. przez Bronis\u0142awa Maja) pokaza\u0142y, \u017ce autor potrafi pisa\u0107 r\u00f3wnocze\u015bnie oszcz\u0119dnie i g\u0142\u0119boko. Nowy zbi\u00f3r zdaje si\u0119 by\u0107 kolejnym krokiem w t\u0119 stron\u0119 \u2013 jeszcze bardziej introspektywnym, jeszcze odwa\u017cniej si\u0119gaj\u0105cym poza powierzchni\u0119.<\/p>\n<p dir=\"auto\">Galeria ART po raz kolejny udowodni\u0142a, \u017ce w \u015awinouj\u015bciu sztuka nie musi by\u0107 widowiskowa, by by\u0107 wa\u017cna. Wystarczy dobre s\u0142owo, szczery g\u0142os i kilka czarno-bia\u0142ych fotografii, kt\u00f3re przypominaj\u0105, sk\u0105d przyszli\u015bmy \u2013 by lepiej zrozumie\u0107, dok\u0105d zmierzamy. A poezja Marka \u017bym\u0142y okaza\u0142a si\u0119 idealnym przewodnikiem w tej podr\u00f3\u017cy \u2013 zar\u00f3wno w g\u0142\u0105b lustra, jak i poza nie.<\/p>\n<p dir=\"auto\"><strong>ewyspiarz.info\/ogloszenia\/<\/strong><\/p>\n","protected":false},"excerpt":{"rendered":"<p>W sobotni wiecz\u00f3r 21 lutego 2026 roku Galeria ART w Miejskim Domu Kultury w \u015awinouj\u015bciu sta\u0142a si\u0119 przestrzeni\u0105, w kt\u00f3rej s\u0142owo poetyckie spotka\u0142o si\u0119 z obrazem fotograficznym. W\u0142a\u015bnie tego dnia odby\u0142 si\u0119 wiecz\u00f3r autorski Marka \u017bym\u0142y \u2013 teatrologa, aktora i poety \u2013 promuj\u0105cy jego najnowszy, czwarty ju\u017c tomik wierszy zatytu\u0142owany \u201eW g\u0142\u0105b lustra i poza [&hellip;]<\/p>\n","protected":false},"author":1,"featured_media":4515,"comment_status":"closed","ping_status":"open","sticky":false,"template":"","format":"standard","meta":{"footnotes":""},"categories":[85],"tags":[],"class_list":["post-4514","post","type-post","status-publish","format-standard","has-post-thumbnail","hentry","category-swinoujscie"],"_links":{"self":[{"href":"https:\/\/ewyspiarz.info\/ogloszenia\/wp-json\/wp\/v2\/posts\/4514","targetHints":{"allow":["GET"]}}],"collection":[{"href":"https:\/\/ewyspiarz.info\/ogloszenia\/wp-json\/wp\/v2\/posts"}],"about":[{"href":"https:\/\/ewyspiarz.info\/ogloszenia\/wp-json\/wp\/v2\/types\/post"}],"author":[{"embeddable":true,"href":"https:\/\/ewyspiarz.info\/ogloszenia\/wp-json\/wp\/v2\/users\/1"}],"replies":[{"embeddable":true,"href":"https:\/\/ewyspiarz.info\/ogloszenia\/wp-json\/wp\/v2\/comments?post=4514"}],"version-history":[{"count":0,"href":"https:\/\/ewyspiarz.info\/ogloszenia\/wp-json\/wp\/v2\/posts\/4514\/revisions"}],"wp:featuredmedia":[{"embeddable":true,"href":"https:\/\/ewyspiarz.info\/ogloszenia\/wp-json\/"}],"wp:attachment":[{"href":"https:\/\/ewyspiarz.info\/ogloszenia\/wp-json\/wp\/v2\/media?parent=4514"}],"wp:term":[{"taxonomy":"category","embeddable":true,"href":"https:\/\/ewyspiarz.info\/ogloszenia\/wp-json\/wp\/v2\/categories?post=4514"},{"taxonomy":"post_tag","embeddable":true,"href":"https:\/\/ewyspiarz.info\/ogloszenia\/wp-json\/wp\/v2\/tags?post=4514"}],"curies":[{"name":"wp","href":"https:\/\/api.w.org\/{rel}","templated":true}]}}