{"id":4830,"date":"2026-03-14T10:27:56","date_gmt":"2026-03-14T09:27:56","guid":{"rendered":"https:\/\/ewyspiarz.info\/wyspiarz\/?p=4830"},"modified":"2026-03-14T10:27:56","modified_gmt":"2026-03-14T09:27:56","slug":"troche-morza-w-moich-rekach-malarska-opowiesc-o-baltyku-w-muzeum-rybolowstwa-morskiego","status":"publish","type":"post","link":"https:\/\/ewyspiarz.info\/ogloszenia\/2026\/03\/14\/troche-morza-w-moich-rekach-malarska-opowiesc-o-baltyku-w-muzeum-rybolowstwa-morskiego\/","title":{"rendered":"\u201eTroch\u0119 morza w moich r\u0119kach\u201d \u2013 malarska opowie\u015b\u0107 o Ba\u0142tyku w Muzeum Rybo\u0142\u00f3wstwa Morskiego"},"content":{"rendered":"<p dir=\"auto\"><strong>\u201eTroch\u0119 morza w moich r\u0119kach\u201d \u2013 malarska opowie\u015b\u0107 o Ba\u0142tyku w Muzeum Rybo\u0142\u00f3wstwa Morskiego<\/strong><\/p>\n<p dir=\"auto\">11 marca 2026 roku w Muzeum Rybo\u0142\u00f3wstwa Morskiego w \u015awinouj\u015bciu przy Placu Rybaka 1 odby\u0142 si\u0119 wernisa\u017c wystawy malarstwa zatytu\u0142owanej <strong>\u201eTroch\u0119 morza w moich r\u0119kach\u201d<\/strong>. Autork\u0105 prezentowanych prac jest \u015bwinoujska artystka <strong>Ma\u0142gorzata Zieli\u0144ska<\/strong>, a wydarzenie wpisuje si\u0119 w cykl \u201e\u015arody w Muzeum\u201d, kt\u00f3ry regularnie o\u017cywia to miejsce spotkaniami ze sztuk\u0105 i lokalnymi tw\u00f3rcami.<\/p>\n<p dir=\"auto\">Wystawa, cho\u0107 kameralna, przyci\u0105gn\u0119\u0142a licznych mi\u0142o\u015bnik\u00f3w sztuki, mieszka\u0144c\u00f3w miasta i turyst\u00f3w, kt\u00f3rzy w pierwszych dniach wiosny chcieli zobaczy\u0107, jak nadmorski pejza\u017c mo\u017ce zosta\u0107 uj\u0119ty na p\u0142\u00f3tnie. Tytu\u0142 \u2013 \u201eTroch\u0119 morza w moich r\u0119kach\u201d \u2013 oddaje wprost to, co widzimy na obrazach: pr\u00f3b\u0119 uchwycenia, zatrzymania i niemal dotykalnego prze\u0142o\u017cenia morskiej przestrzeni, \u015bwiat\u0142a i nastroju na j\u0119zyk farby.<\/p>\n<p dir=\"auto\">Ma\u0142gorzata Zieli\u0144ska, znana w \u015awinouj\u015bciu tak\u017ce jako projektantka bi\u017cuterii i animatorka kultury, tym razem pokaza\u0142a inn\u0105 ods\u0142on\u0119 swojej tw\u00f3rczo\u015bci. Jej p\u0142\u00f3tna to osobista, bardzo emocjonalna interpretacja Ba\u0142tyku \u2013 morza, kt\u00f3re dla mieszka\u0144c\u00f3w nadmorskich miast jest jednocze\u015bnie t\u0142em codzienno\u015bci, \u017ar\u00f3d\u0142em inspiracji, ale i nieustannym wyzwaniem dla oka i p\u0119dzla.<\/p>\n<p dir=\"auto\">Na ekspozycji dominuj\u0105 motywy horyzontu, kt\u00f3re rozmywa si\u0119 w mg\u0142ach i oparach, fale rozbijaj\u0105ce si\u0119 o falochrony, pla\u017ce w r\u00f3\u017cnych porach dnia i roku, a tak\u017ce bardziej abstrakcyjne uj\u0119cia \u2013 gry \u015bwiate\u0142 na wodzie, srebrzyste refleksy i g\u0142\u0119bokie granaty zachodz\u0105cego s\u0142o\u0144ca. Artystka nie stara si\u0119 dokumentowa\u0107 rzeczywisto\u015bci w spos\u00f3b realistyczny \u2013 raczej oddaje <strong>uczucie<\/strong>, jakie towarzyszy obcowaniu z morzem: spok\u00f3j, niepok\u00f3j, t\u0119sknot\u0119, si\u0142\u0119 natury i ulotn\u0105 pi\u0119kno\u015b\u0107 chwili.<\/p>\n<p dir=\"auto\">Podczas wernisa\u017cu nie zabrak\u0142o rozm\u00f3w. Go\u015bcie pytali Ma\u0142gorzat\u0119 Zieli\u0144sk\u0105 o technik\u0119, o to, w jaki spos\u00f3b wybiera kadry i jak d\u0142ugo potrafi patrze\u0107 na t\u0119 sam\u0105 fal\u0119, zanim zacznie j\u0105 malowa\u0107. Artystka podkre\u015bla\u0142a, \u017ce morze w \u015awinouj\u015bciu jest inne ni\u017c wsz\u0119dzie indziej \u2013 zmienia si\u0119 kilkana\u015bcie razy dziennie, w zale\u017cno\u015bci od wiatru, pory roku i nastroju obserwatora. \u201eCzasem wystarczy pi\u0119\u0107 minut spaceru pla\u017c\u0105, \u017ceby wiedzie\u0107, co dzi\u015b chc\u0119 namalowa\u0107\u201d \u2013 m\u00f3wi\u0142a.<\/p>\n<p dir=\"auto\">Wystawa jest jednocze\u015bnie ho\u0142dem dla miejsca, w kt\u00f3rym powsta\u0142a \u2013 Muzeum Rybo\u0142\u00f3wstwa Morskiego, kt\u00f3re od lat \u0142\u0105czy histori\u0119 rybo\u0142\u00f3wstwa z przyrod\u0105 i kultur\u0105 morza. Obrazy Zieli\u0144skiej w naturalny spos\u00f3b dialoguj\u0105 z morskimi eksponatami, sieciami, modelami statk\u00f3w i starymi mapami nawigacyjnymi. Razem tworz\u0105 opowie\u015b\u0107 o tym, jak bardzo morze kszta\u0142tuje \u017cycie, wyobra\u017ani\u0119 i sztuk\u0119 ludzi mieszkaj\u0105cych na jego brzegu.<\/p>\n<p dir=\"auto\">Ekspozycj\u0119 \u201eTroch\u0119 morza w moich r\u0119kach\u201d b\u0119dzie mo\u017cna ogl\u0105da\u0107 w Muzeum Rybo\u0142\u00f3wstwa Morskiego przez najbli\u017csze tygodnie (warto sprawdzi\u0107 aktualne informacje na stronie muzeum lub profilu na Facebooku). To pi\u0119kna okazja, by na chwil\u0119 zatrzyma\u0107 si\u0119 w biegu i \u2013 dos\u0142ownie \u2013 wzi\u0105\u0107 troch\u0119 morza w swoje r\u0119ce, tyle \u017ce tym razem w formie farby na p\u0142\u00f3tnie.<\/p>\n<p dir=\"auto\">Je\u015bli jeste\u015bcie w \u015awinouj\u015bciu lub planujecie przyjazd \u2013 gor\u0105co polecam. Morze Ma\u0142gorzaty Zieli\u0144skiej jest ciche, ale bardzo wymowne.<\/p>\n<p dir=\"auto\"><img loading=\"lazy\" decoding=\"async\" class=\"alignleft size-full wp-image-4585\" src=\"https:\/\/ewyspiarz.info\/ogloszenia\/wp-content\/uploads\/2025\/07\/a1-4-2-mp4-image-1.jpgwp-content\/uploads\/2026\/02\/278a.png\" alt=\"\" width=\"287\" height=\"88\" \/><\/p>\n","protected":false},"excerpt":{"rendered":"<p>\u201eTroch\u0119 morza w moich r\u0119kach\u201d \u2013 malarska opowie\u015b\u0107 o Ba\u0142tyku w Muzeum Rybo\u0142\u00f3wstwa Morskiego 11 marca 2026 roku w Muzeum Rybo\u0142\u00f3wstwa Morskiego w \u015awinouj\u015bciu przy Placu Rybaka 1 odby\u0142 si\u0119 wernisa\u017c wystawy malarstwa zatytu\u0142owanej \u201eTroch\u0119 morza w moich r\u0119kach\u201d. Autork\u0105 prezentowanych prac jest \u015bwinoujska artystka Ma\u0142gorzata Zieli\u0144ska, a wydarzenie wpisuje si\u0119 w cykl \u201e\u015arody w [&hellip;]<\/p>\n","protected":false},"author":1,"featured_media":4831,"comment_status":"closed","ping_status":"open","sticky":false,"template":"","format":"standard","meta":{"footnotes":""},"categories":[85],"tags":[],"class_list":["post-4830","post","type-post","status-publish","format-standard","has-post-thumbnail","hentry","category-swinoujscie"],"_links":{"self":[{"href":"https:\/\/ewyspiarz.info\/ogloszenia\/wp-json\/wp\/v2\/posts\/4830","targetHints":{"allow":["GET"]}}],"collection":[{"href":"https:\/\/ewyspiarz.info\/ogloszenia\/wp-json\/wp\/v2\/posts"}],"about":[{"href":"https:\/\/ewyspiarz.info\/ogloszenia\/wp-json\/wp\/v2\/types\/post"}],"author":[{"embeddable":true,"href":"https:\/\/ewyspiarz.info\/ogloszenia\/wp-json\/wp\/v2\/users\/1"}],"replies":[{"embeddable":true,"href":"https:\/\/ewyspiarz.info\/ogloszenia\/wp-json\/wp\/v2\/comments?post=4830"}],"version-history":[{"count":0,"href":"https:\/\/ewyspiarz.info\/ogloszenia\/wp-json\/wp\/v2\/posts\/4830\/revisions"}],"wp:featuredmedia":[{"embeddable":true,"href":"https:\/\/ewyspiarz.info\/ogloszenia\/wp-json\/"}],"wp:attachment":[{"href":"https:\/\/ewyspiarz.info\/ogloszenia\/wp-json\/wp\/v2\/media?parent=4830"}],"wp:term":[{"taxonomy":"category","embeddable":true,"href":"https:\/\/ewyspiarz.info\/ogloszenia\/wp-json\/wp\/v2\/categories?post=4830"},{"taxonomy":"post_tag","embeddable":true,"href":"https:\/\/ewyspiarz.info\/ogloszenia\/wp-json\/wp\/v2\/tags?post=4830"}],"curies":[{"name":"wp","href":"https:\/\/api.w.org\/{rel}","templated":true}]}}