{"id":5347,"date":"2026-03-23T23:38:02","date_gmt":"2026-03-23T22:38:02","guid":{"rendered":"https:\/\/ewyspiarz.info\/?p=5347"},"modified":"2026-03-23T23:38:02","modified_gmt":"2026-03-23T22:38:02","slug":"nowe-oblicza-mewci-ewci-burmistrz-mateusz-bobek-nagradza-mlodych-artystow","status":"publish","type":"post","link":"https:\/\/ewyspiarz.info\/ogloszenia\/2026\/03\/23\/nowe-oblicza-mewci-ewci-burmistrz-mateusz-bobek-nagradza-mlodych-artystow\/","title":{"rendered":"Nowe oblicza Mewci Ewci: Burmistrz Mateusz Bobek nagradza m\u0142odych artyst\u00f3w"},"content":{"rendered":"<p data-path-to-node=\"3\">Mi\u0119dzyzdroje wzbogac\u0105 si\u0119 o kolejne wyj\u0105tkowe rze\u017aby na szlaku turystycznym. Burmistrz Mi\u0119dzyzdroj\u00f3w, <b data-path-to-node=\"3\" data-index-in-node=\"102\">Mateusz Bobek<\/b>, oficjalnie og\u0142osi\u0142 wyniki konkursu plastycznego, kt\u00f3ry mia\u0142 na celu wy\u0142onienie nowych wciele\u0144 sympatycznej patronki miasta \u2013 <b data-path-to-node=\"3\" data-index-in-node=\"242\">Mewci Ewci<\/b>.<\/p>\n<p data-path-to-node=\"4\">Inicjatywa \u201eSzlakiem Mewci Ewci\u201d to projekt, kt\u00f3ry nie tylko promuje miasto w\u015br\u00f3d turyst\u00f3w, ale przede wszystkim anga\u017cuje lokaln\u0105 spo\u0142eczno\u015b\u0107 i m\u0142odych tw\u00f3rc\u00f3w do wsp\u00f3\u0142tworzenia przestrzeni publicznej.<\/p>\n<h2 data-path-to-node=\"5\">Kreatywno\u015b\u0107 bez granic<\/h2>\n<p data-path-to-node=\"6\">Tegoroczna edycja konkursu przyci\u0105gn\u0119\u0142a utalentowanych uczestnik\u00f3w z ca\u0142ego regionu. Jury stan\u0119\u0142o przed trudnym zadaniem, poniewa\u017c wizje Mewci Ewci by\u0142y niezwykle r\u00f3\u017cnorodne \u2013 od mi\u0142o\u015bniczki literatury po postacie nawi\u0105zuj\u0105ce do historii i bezpiecze\u0144stwa.<\/p>\n<blockquote data-path-to-node=\"7\">\n<p data-path-to-node=\"7,0\">\u201eWszyscy \u2013 BEZ WYJ\u0104TKU \u2013 jeste\u015bcie bardzo zdolni! To dzi\u0119ki Wam nasza Ewcia zape\u0142nia nasz\u0105 przestrze\u0144, budz\u0105c zachwyt naszych go\u015bci\u201d \u2013 podkre\u015bli\u0142 Burmistrz Mateusz Bobek podczas wr\u0119czania nagr\u00f3d.<\/p>\n<\/blockquote>\n<h2 data-path-to-node=\"8\">Zwyci\u0119skie projekty i ich lokalizacje<\/h2>\n<p data-path-to-node=\"9\">Zgodnie z regulaminem, trzy pierwsze miejsca zostan\u0105 zrealizowane w formie rze\u017ab, kt\u00f3re stan\u0105 w charakterystycznych punktach gminy:<\/p>\n<table data-path-to-node=\"10\">\n<thead>\n<tr>\n<td><strong>Miejsce<\/strong><\/td>\n<td><strong>Autor<\/strong><\/td>\n<td><strong>Posta\u0107 Mewci Ewci<\/strong><\/td>\n<td><strong>Lokalizacja rze\u017aby<\/strong><\/td>\n<\/tr>\n<\/thead>\n<tbody>\n<tr>\n<td><span data-path-to-node=\"10,1,0,0\"><b data-path-to-node=\"10,1,0,0\" data-index-in-node=\"0\">I Miejsce<\/b><\/span><\/td>\n<td><span data-path-to-node=\"10,1,1,0\"><b data-path-to-node=\"10,1,1,0\" data-index-in-node=\"0\">Antonina Sidoruk<\/b><\/span><\/td>\n<td><span data-path-to-node=\"10,1,2,0\"><b data-path-to-node=\"10,1,2,0\" data-index-in-node=\"0\">Czytelniczka<\/b> (w okularach, siedz\u0105ca na ksi\u0105\u017ckach)<\/span><\/td>\n<td><span data-path-to-node=\"10,1,3,0\">Przed Bibliotek\u0105 Miejsk\u0105<\/span><\/td>\n<\/tr>\n<tr>\n<td><span data-path-to-node=\"10,2,0,0\"><b data-path-to-node=\"10,2,0,0\" data-index-in-node=\"0\">II Miejsce<\/b><\/span><\/td>\n<td><span data-path-to-node=\"10,2,1,0\"><b data-path-to-node=\"10,2,1,0\" data-index-in-node=\"0\">Maria John<\/b><\/span><\/td>\n<td><span data-path-to-node=\"10,2,2,0\"><b data-path-to-node=\"10,2,2,0\" data-index-in-node=\"0\">Kr\u00f3lowa M\u00f3rz<\/b> (z koron\u0105 i tr\u00f3jz\u0119bem na fali)<\/span><\/td>\n<td><span data-path-to-node=\"10,2,3,0\">Plac Neptuna<\/span><\/td>\n<\/tr>\n<tr>\n<td><span data-path-to-node=\"10,3,0,0\"><b data-path-to-node=\"10,3,0,0\" data-index-in-node=\"0\">III Miejsce<\/b><\/span><\/td>\n<td><span data-path-to-node=\"10,3,1,0\"><b data-path-to-node=\"10,3,1,0\" data-index-in-node=\"0\">Kacper M\u0142ynarz<\/b><\/span><\/td>\n<td><span data-path-to-node=\"10,3,2,0\"><b data-path-to-node=\"10,3,2,0\" data-index-in-node=\"0\">Militarystka-Pacyfistka<\/b> (w he\u0142mie z pacyfk\u0105 i kwiatami)<\/span><\/td>\n<td><span data-path-to-node=\"10,3,3,0\">Przy bunkrze V3<\/span><\/td>\n<\/tr>\n<\/tbody>\n<\/table>\n<p data-path-to-node=\"11\">Wyr\u00f3\u017cnienia otrzymali r\u00f3wnie\u017c <b data-path-to-node=\"11\" data-index-in-node=\"30\">Julia Kapusta<\/b> (Mewcia Animatorka Kultury przy MDK) oraz <b data-path-to-node=\"11\" data-index-in-node=\"86\">Natan \u017burawski<\/b> (Mewcia Stra\u017caczka przy nowej remizie).<\/p>\n<hr data-path-to-node=\"12\" \/>\n<h2 data-path-to-node=\"13\">Co dalej ze szlakiem?<\/h2>\n<p data-path-to-node=\"14\">Burmistrz zapowiedzia\u0142, \u017ce to nie koniec artystycznych emocji. Pierwsze trzy nagrodzone prace pos\u0142u\u017c\u0105 jako bezpo\u015brednia podstawa do przygotowania profesjonalnych koncepcji i posadowienia rze\u017ab w przestrzeni Mi\u0119dzyzdroj\u00f3w oraz so\u0142ectw. Dzi\u0119ki temu szlak turystyczny zyska nowe, unikalne punkty na mapie, kt\u00f3re z pewno\u015bci\u0105 stan\u0105 si\u0119 ulubionymi miejscami do pami\u0105tkowych zdj\u0119\u0107.<\/p>\n<p data-path-to-node=\"15\">Dla tych, kt\u00f3rym tym razem nie uda\u0142o si\u0119 stan\u0105\u0107 na podium, mamy dobr\u0105 wiadomo\u015b\u0107: <b data-path-to-node=\"15\" data-index-in-node=\"81\">Mateusz Bobek ju\u017c teraz zaprasza do udzia\u0142u w kolejnej edycji konkursu za rok!<\/b><\/p>\n<h4><strong><span style=\"color: #ff0000;\">E<\/span><span style=\"color: #3366ff;\">wyspiarz.info<\/span><\/strong><\/h4>\n","protected":false},"excerpt":{"rendered":"<p>Mi\u0119dzyzdroje wzbogac\u0105 si\u0119 o kolejne wyj\u0105tkowe rze\u017aby na szlaku turystycznym. Burmistrz Mi\u0119dzyzdroj\u00f3w, Mateusz Bobek, oficjalnie og\u0142osi\u0142 wyniki konkursu plastycznego, kt\u00f3ry mia\u0142 na celu wy\u0142onienie nowych wciele\u0144 sympatycznej patronki miasta \u2013 Mewci Ewci. Inicjatywa \u201eSzlakiem Mewci Ewci\u201d to projekt, kt\u00f3ry nie tylko promuje miasto w\u015br\u00f3d turyst\u00f3w, ale przede wszystkim anga\u017cuje lokaln\u0105 spo\u0142eczno\u015b\u0107 i m\u0142odych tw\u00f3rc\u00f3w do [&hellip;]<\/p>\n","protected":false},"author":1,"featured_media":5348,"comment_status":"open","ping_status":"closed","sticky":false,"template":"","format":"standard","meta":{"footnotes":""},"categories":[80],"tags":[],"class_list":["post-5347","post","type-post","status-publish","format-standard","has-post-thumbnail","hentry","category-miedzyzdroje"],"_links":{"self":[{"href":"https:\/\/ewyspiarz.info\/ogloszenia\/wp-json\/wp\/v2\/posts\/5347","targetHints":{"allow":["GET"]}}],"collection":[{"href":"https:\/\/ewyspiarz.info\/ogloszenia\/wp-json\/wp\/v2\/posts"}],"about":[{"href":"https:\/\/ewyspiarz.info\/ogloszenia\/wp-json\/wp\/v2\/types\/post"}],"author":[{"embeddable":true,"href":"https:\/\/ewyspiarz.info\/ogloszenia\/wp-json\/wp\/v2\/users\/1"}],"replies":[{"embeddable":true,"href":"https:\/\/ewyspiarz.info\/ogloszenia\/wp-json\/wp\/v2\/comments?post=5347"}],"version-history":[{"count":0,"href":"https:\/\/ewyspiarz.info\/ogloszenia\/wp-json\/wp\/v2\/posts\/5347\/revisions"}],"wp:featuredmedia":[{"embeddable":true,"href":"https:\/\/ewyspiarz.info\/ogloszenia\/wp-json\/"}],"wp:attachment":[{"href":"https:\/\/ewyspiarz.info\/ogloszenia\/wp-json\/wp\/v2\/media?parent=5347"}],"wp:term":[{"taxonomy":"category","embeddable":true,"href":"https:\/\/ewyspiarz.info\/ogloszenia\/wp-json\/wp\/v2\/categories?post=5347"},{"taxonomy":"post_tag","embeddable":true,"href":"https:\/\/ewyspiarz.info\/ogloszenia\/wp-json\/wp\/v2\/tags?post=5347"}],"curies":[{"name":"wp","href":"https:\/\/api.w.org\/{rel}","templated":true}]}}