{"id":5631,"date":"2026-04-08T17:16:57","date_gmt":"2026-04-08T15:16:57","guid":{"rendered":"https:\/\/ewyspiarz.info\/?p=5631"},"modified":"2026-04-08T17:16:57","modified_gmt":"2026-04-08T15:16:57","slug":"sedziowie-tk-zapraszaja-prezydenta-na-slubowanie-w-sejmie","status":"publish","type":"post","link":"https:\/\/ewyspiarz.info\/ogloszenia\/2026\/04\/08\/sedziowie-tk-zapraszaja-prezydenta-na-slubowanie-w-sejmie\/","title":{"rendered":"S\u0119dziowie TK zapraszaj\u0105 prezydenta na \u015blubowanie w Sejmie"},"content":{"rendered":"<p>Czterech s\u0119dzi\u00f3w TK wybranych przez Sejm w marcu \u2014 <strong>Krystian Markiewicz, Maciej Taborowski, Marcin Dziurda i Anna Korwin\u2011Piotrowska<\/strong> \u2014 zapowiedzia\u0142o, \u017ce <strong>z\u0142o\u017c\u0105 \u015blubowanie w czwartek oko\u0142o po\u0142udnia w Sejmie<\/strong>. Wys\u0142ali do prezydenta Karola Nawrockiego <strong>indywidualne zaproszenia<\/strong>, prosz\u0105c go o przyj\u0119cie przysi\u0119gi.<\/p>\n<div class=\"relative pb-6 w-full after:border-b after:border-stroke-300 after:w-full after:absolute after:mt-3\"><\/div>\n<h3><strong>Dlaczego organizuj\u0105 \u015blubowanie sami?<\/strong><\/h3>\n<p>S\u0119dziowie wskazuj\u0105, \u017ce:<\/p>\n<ul>\n<li><strong>od czterech tygodni czekaj\u0105<\/strong> na wyznaczenie terminu \u015blubowania w Pa\u0142acu Prezydenckim,<\/li>\n<li><strong>nie otrzymali \u017cadnej odpowiedzi<\/strong> z Kancelarii Prezydenta,<\/li>\n<li>uwa\u017caj\u0105, \u017ce maj\u0105 <strong>ustawowy obowi\u0105zek niezw\u0142ocznie rozpocz\u0105\u0107 pe\u0142nienie funkcji<\/strong>,<\/li>\n<li>dlatego <strong>organizuj\u0105 \u015blubowanie samodzielnie w Sejmie<\/strong> i zapraszaj\u0105 prezydenta jako osob\u0119, kt\u00f3ra zgodnie z ustaw\u0105 powinna odebra\u0107 przysi\u0119g\u0119.<\/li>\n<\/ul>\n<div class=\"relative pb-6 w-full after:border-b after:border-stroke-300 after:w-full after:absolute after:mt-3\"><\/div>\n<h3><strong>Godzina i miejsce<\/strong><\/h3>\n<p>W zale\u017cno\u015bci od \u017ar\u00f3d\u0142a pojawiaj\u0105 si\u0119 dwie godziny:<\/p>\n<ul>\n<li><strong>12:30<\/strong> \u2014 t\u0119 godzin\u0119 podaj\u0105 RMF24, TVP Info i PAP po doprecyzowaniu przez s\u0119dziego Markiewicza.<\/li>\n<li class=\"ps-2\"><strong>13:30<\/strong> \u2014 t\u0119 godzin\u0119 pierwotnie wskazywa\u0142y niekt\u00f3re pisma s\u0119dzi\u00f3w, o czym informowa\u0142 Super Express.<\/li>\n<\/ul>\n<p>Wszystkie \u017ar\u00f3d\u0142a potwierdzaj\u0105 jednak, \u017ce <strong>uroczysto\u015b\u0107 odb\u0119dzie si\u0119 w Sejmie<\/strong>.<\/p>\n<div><\/div>\n<h3><strong>Stanowisko prezydenta<\/strong><\/h3>\n<p>Prezydent Karol Nawrocki:<\/p>\n<ul>\n<li><strong>odebra\u0142 \u015blubowanie tylko od dwojga<\/strong> z sze\u015bciu wybranych w marcu s\u0119dzi\u00f3w \u2014 Magdaleny Bentkowskiej i Dariusza Szostka,<\/li>\n<li>uzasadnia\u0142 to tym, \u017ce w TK powsta\u0142y <strong>dwa wakaty<\/strong>, a odebranie \u015blubowania od dw\u00f3ch os\u00f3b \u201edope\u0142nia ustawowy wym\u00f3g\u201d 11 s\u0119dzi\u00f3w,<\/li>\n<li>w sprawie pozosta\u0142ej czw\u00f3rki <strong>nie podj\u0105\u0142 decyzji<\/strong>, a Kancelaria Prezydenta twierdzi, \u017ce ich sytuacja jest \u201eanalizowana\u201d.<\/li>\n<\/ul>\n<div class=\"relative pb-6 w-full after:border-b after:border-stroke-300 after:w-full after:absolute after:mt-3\"><\/div>\n<h3><strong>Reakcje polityczne<\/strong><\/h3>\n<ul>\n<li>Rzecznik rz\u0105du Adam Sz\u0142apka stwierdzi\u0142, \u017ce <strong>prezydent ma obowi\u0105zek przyj\u0105\u0107 \u015blubowanie<\/strong>, a jego odmowa \u201ewystawia najgorsz\u0105 opini\u0119 o szacunku dla konstytucji\u201d.<\/li>\n<li>Zapowiedzia\u0142 te\u017c, \u017ce <strong>przedstawicieli rz\u0105du nie b\u0119dzie<\/strong> na czwartkowym \u015blubowaniu.<\/li>\n<\/ul>\n<div class=\"relative pb-6 w-full after:border-b after:border-stroke-300 after:w-full after:absolute after:mt-3\"><\/div>\n<h3><strong>Co mo\u017ce si\u0119 wydarzy\u0107?<\/strong><\/h3>\n<p>Wed\u0142ug nieoficjalnych informacji:<\/p>\n<ul>\n<li>w Sejmie odb\u0119dzie si\u0119 <strong>spotkanie\/uroczysto\u015b\u0107 z udzia\u0142em marsza\u0142ka Sejmu i notariusza<\/strong>,<\/li>\n<li>nie b\u0119dzie to Zgromadzenie Narodowe,<\/li>\n<li>forma wydarzenia mo\u017ce by\u0107 nietypowa, bo prezydent nie wyznaczy\u0142 terminu i nie zaprosi\u0142 s\u0119dzi\u00f3w do Pa\u0142acu.<\/li>\n<\/ul>\n<h4><strong><span style=\"color: #ff0000;\">E<\/span><span style=\"color: #3366ff;\">wyspiarz.info<\/span><\/strong><\/h4>\n<hr style=\"height:0;border:none;border-top:1px solid #BBBBBB\" \/>\n","protected":false},"excerpt":{"rendered":"<p>Czterech s\u0119dzi\u00f3w TK wybranych przez Sejm w marcu \u2014 Krystian Markiewicz, Maciej Taborowski, Marcin Dziurda i Anna Korwin\u2011Piotrowska \u2014 zapowiedzia\u0142o, \u017ce z\u0142o\u017c\u0105 \u015blubowanie w czwartek oko\u0142o po\u0142udnia w Sejmie. Wys\u0142ali do prezydenta Karola Nawrockiego indywidualne zaproszenia, prosz\u0105c go o przyj\u0119cie przysi\u0119gi. Dlaczego organizuj\u0105 \u015blubowanie sami? S\u0119dziowie wskazuj\u0105, \u017ce: od czterech tygodni czekaj\u0105 na wyznaczenie terminu [&hellip;]<\/p>\n","protected":false},"author":1,"featured_media":5632,"comment_status":"open","ping_status":"closed","sticky":false,"template":"","format":"standard","meta":{"footnotes":""},"categories":[79],"tags":[],"class_list":["post-5631","post","type-post","status-publish","format-standard","has-post-thumbnail","hentry","category-kraj"],"_links":{"self":[{"href":"https:\/\/ewyspiarz.info\/ogloszenia\/wp-json\/wp\/v2\/posts\/5631","targetHints":{"allow":["GET"]}}],"collection":[{"href":"https:\/\/ewyspiarz.info\/ogloszenia\/wp-json\/wp\/v2\/posts"}],"about":[{"href":"https:\/\/ewyspiarz.info\/ogloszenia\/wp-json\/wp\/v2\/types\/post"}],"author":[{"embeddable":true,"href":"https:\/\/ewyspiarz.info\/ogloszenia\/wp-json\/wp\/v2\/users\/1"}],"replies":[{"embeddable":true,"href":"https:\/\/ewyspiarz.info\/ogloszenia\/wp-json\/wp\/v2\/comments?post=5631"}],"version-history":[{"count":0,"href":"https:\/\/ewyspiarz.info\/ogloszenia\/wp-json\/wp\/v2\/posts\/5631\/revisions"}],"wp:featuredmedia":[{"embeddable":true,"href":"https:\/\/ewyspiarz.info\/ogloszenia\/wp-json\/"}],"wp:attachment":[{"href":"https:\/\/ewyspiarz.info\/ogloszenia\/wp-json\/wp\/v2\/media?parent=5631"}],"wp:term":[{"taxonomy":"category","embeddable":true,"href":"https:\/\/ewyspiarz.info\/ogloszenia\/wp-json\/wp\/v2\/categories?post=5631"},{"taxonomy":"post_tag","embeddable":true,"href":"https:\/\/ewyspiarz.info\/ogloszenia\/wp-json\/wp\/v2\/tags?post=5631"}],"curies":[{"name":"wp","href":"https:\/\/api.w.org\/{rel}","templated":true}]}}