{"id":6099,"date":"2026-04-24T19:06:58","date_gmt":"2026-04-24T17:06:58","guid":{"rendered":"https:\/\/ewyspiarz.info\/?p=6099"},"modified":"2026-04-24T19:06:58","modified_gmt":"2026-04-24T17:06:58","slug":"37-mistrzostwa-europy-karate-kyokushin-trwaja-na-naszych-wyspach-pierwszy-dzien-za-nami-emocje-rosna","status":"publish","type":"post","link":"https:\/\/ewyspiarz.info\/ogloszenia\/2026\/04\/24\/37-mistrzostwa-europy-karate-kyokushin-trwaja-na-naszych-wyspach-pierwszy-dzien-za-nami-emocje-rosna\/","title":{"rendered":"37. Mistrzostwa Europy Karate Kyokushin trwaj\u0105 na naszych wyspach \u2013 pierwszy dzie\u0144 za nami, emocje rosn\u0105!"},"content":{"rendered":"<p>W dniach <strong>24\u201325 kwietnia 2026 roku<\/strong> \u015awinouj\u015bcie i Ahlbeck staj\u0105 si\u0119 europejskim centrum Karate Kyokushin. Trwaj\u0105 <strong>37. Mistrzostwa Europy Karate Kyokushin<\/strong>, kt\u00f3re przyci\u0105gaj\u0105 zawodnik\u00f3w z ca\u0142ego kontynentu. Za nami ju\u017c pierwszy dzie\u0144 rywalizacji \u2014 pe\u0142en sportowych emocji, widowiskowych walk i atmosfery, kt\u00f3ra udowadnia, \u017ce to wydarzenie nale\u017cy do najwa\u017cniejszych w kalendarzu Kyokushin.<\/p>\n<p>Pierwszy dzie\u0144 zawod\u00f3w przynosi imponuj\u0105ce wyst\u0119py, zaci\u0119te pojedynki i pokaz niezwyk\u0142ej determinacji. Zawodnicy prezentuj\u0105 najwy\u017cszy poziom techniczny, a publiczno\u015b\u0107 reaguje \u017cywio\u0142owo na ka\u017cdy punkt, ka\u017cdy cios i ka\u017cdy przejaw sportowego ducha. Wszyscy uczestnicy pokazuj\u0105, czym jest Kyokushin \u2014 si\u0142\u0105 charakteru, szacunkiem i nieustann\u0105 prac\u0105 nad sob\u0105.<\/p>\n<h3><strong>Silna reprezentacja \u015awinouj\u015bcia w Kadrze Narodowej<\/strong><\/h3>\n<p>Tegoroczne mistrzostwa maj\u0105 dla naszego regionu szczeg\u00f3lne znaczenie. A\u017c <strong>dziewi\u0119cioro zawodnik\u00f3w \u015awinoujskiej Akademii Karate Kyokushin<\/strong> otrzyma\u0142o powo\u0142ania do <strong>Kadry Narodowej<\/strong> na Mistrzostwa Europy. To ogromne wyr\u00f3\u017cnienie i dow\u00f3d na wysoki poziom szkolenia oraz zaanga\u017cowanie zawodnik\u00f3w i trener\u00f3w.<\/p>\n<p>Do reprezentacji Polski powo\u0142ani zostali:<\/p>\n<ul>\n<li><strong>Magdalena Ilczuk<\/strong><\/li>\n<li><strong>Aleksandra Karpuk<\/strong><\/li>\n<li><strong>Jaros\u0142aw Pilarek<\/strong><\/li>\n<li><strong>Amelia Sawicka<\/strong><\/li>\n<li><strong>Mateusz S\u0142owi\u0144ski<\/strong><\/li>\n<li><strong>Andrzej Karpi\u0144ski<\/strong><\/li>\n<li><strong>Cristina Salmanov<\/strong><\/li>\n<li><strong>Alexandra Salmanov<\/strong><\/li>\n<li><strong>Antoni Bro\u017cek<\/strong><\/li>\n<\/ul>\n<p>Ich obecno\u015b\u0107 na mistrzostwach to pow\u00f3d do dumy dla ca\u0142ego \u015awinouj\u015bcia i potwierdzenie, \u017ce lokalna akademia nale\u017cy do czo\u0142\u00f3wki w kraju.<\/p>\n<p>Gratulacje dla wszystkich, kt\u00f3rzy ju\u017c dzi\u015b stan\u0119li na tatami, oraz dla organizator\u00f3w za stworzenie wydarzenia na \u015bwiatowym poziomie. Trzymamy kciuki za dalsze sukcesy i udane zako\u0144czenie mistrzostw.<\/p>\n<h3><strong>Drugi dzie\u0144 zapowiada si\u0119 r\u00f3wnie emocjonuj\u0105co<\/strong><\/h3>\n<p>Organizacja wydarzenia stoi na najwy\u017cszym poziomie. Perfekcyjna logistyka, profesjonalna oprawa i przyjazna atmosfera sprawiaj\u0105, \u017ce zar\u00f3wno zawodnicy, jak i kibice czuj\u0105 si\u0119 tu wyj\u0105tkowo. Drugi dzie\u0144 zapowiada si\u0119 r\u00f3wnie emocjonuj\u0105co \u2014 przed nami kolejne walki, fina\u0142y i rozstrzygni\u0119cia, kt\u00f3re zapisz\u0105 si\u0119 w historii europejskiego karate.<\/p>\n<p>Gratulacje nale\u017c\u0105 si\u0119 wszystkim, kt\u00f3rzy ju\u017c dzi\u015b stan\u0119li na tatami, oraz organizatorom, kt\u00f3rzy dbaj\u0105 o ka\u017cdy szczeg\u00f3\u0142. \u017byczymy powodzenia w dalszych zmaganiach i wielu sukces\u00f3w w ostatnim dniu mistrzostw.<\/p>\n<h4><strong><span style=\"color: #ff0000;\">E<\/span><span style=\"color: #3366ff;\">wyspiarz.info<\/span><\/strong>i<\/h4>\n<hr style=\"height: 0; border: none; border-top: 1px solid #BBBBBB;\" \/>\n<p><img decoding=\"async\" class=\"alignleft size-full wp-image-6109\" src=\"https:\/\/ewyspiarz.info\/ogloszenia\/wp-content\/uploads\/2026\/04\/komentarze.jpg\" alt=\"\" width=\"990\" height=\"100%\" srcset=\"https:\/\/ewyspiarz.info\/ogloszenia\/wp-content\/uploads\/2026\/04\/komentarze.jpg 1269w, https:\/\/ewyspiarz.info\/ogloszenia\/wp-content\/uploads\/2026\/04\/komentarze-300x39.jpg 300w, https:\/\/ewyspiarz.info\/ogloszenia\/wp-content\/uploads\/2026\/04\/komentarze-1024x134.jpg 1024w, https:\/\/ewyspiarz.info\/ogloszenia\/wp-content\/uploads\/2026\/04\/komentarze-768x100.jpg 768w\" sizes=\"(max-width: 1269px) 100vw, 1269px\" \/><\/p>\n<hr style=\"height:0;border:none;border-top:1px solid #BBBBBB\" \/>\n","protected":false},"excerpt":{"rendered":"<p>W dniach 24\u201325 kwietnia 2026 roku \u015awinouj\u015bcie i Ahlbeck staj\u0105 si\u0119 europejskim centrum Karate Kyokushin. Trwaj\u0105 37. Mistrzostwa Europy Karate Kyokushin, kt\u00f3re przyci\u0105gaj\u0105 zawodnik\u00f3w z ca\u0142ego kontynentu. Za nami ju\u017c pierwszy dzie\u0144 rywalizacji \u2014 pe\u0142en sportowych emocji, widowiskowych walk i atmosfery, kt\u00f3ra udowadnia, \u017ce to wydarzenie nale\u017cy do najwa\u017cniejszych w kalendarzu Kyokushin. Pierwszy dzie\u0144 zawod\u00f3w [&hellip;]<\/p>\n","protected":false},"author":1,"featured_media":6101,"comment_status":"open","ping_status":"open","sticky":false,"template":"","format":"standard","meta":{"footnotes":""},"categories":[84,87],"tags":[666,668,714,716,746,507,815,819,824,619],"class_list":["post-6099","post","type-post","status-publish","format-standard","has-post-thumbnail","hentry","category-sport","category-wydarzenia","tag-37-mistrzostwa-europy-karate","tag-ahlbeck","tag-kadra-narodowa-karate","tag-karate-kyokushin","tag-mistrzostwa-europy-kyokushin","tag-swinoujscie","tag-swinoujska-akademia-karate","tag-sztuki-walki","tag-turniej-karate-2026","tag-wydarzenia-sportowe"],"_links":{"self":[{"href":"https:\/\/ewyspiarz.info\/ogloszenia\/wp-json\/wp\/v2\/posts\/6099","targetHints":{"allow":["GET"]}}],"collection":[{"href":"https:\/\/ewyspiarz.info\/ogloszenia\/wp-json\/wp\/v2\/posts"}],"about":[{"href":"https:\/\/ewyspiarz.info\/ogloszenia\/wp-json\/wp\/v2\/types\/post"}],"author":[{"embeddable":true,"href":"https:\/\/ewyspiarz.info\/ogloszenia\/wp-json\/wp\/v2\/users\/1"}],"replies":[{"embeddable":true,"href":"https:\/\/ewyspiarz.info\/ogloszenia\/wp-json\/wp\/v2\/comments?post=6099"}],"version-history":[{"count":0,"href":"https:\/\/ewyspiarz.info\/ogloszenia\/wp-json\/wp\/v2\/posts\/6099\/revisions"}],"wp:featuredmedia":[{"embeddable":true,"href":"https:\/\/ewyspiarz.info\/ogloszenia\/wp-json\/wp\/v2\/media\/6101"}],"wp:attachment":[{"href":"https:\/\/ewyspiarz.info\/ogloszenia\/wp-json\/wp\/v2\/media?parent=6099"}],"wp:term":[{"taxonomy":"category","embeddable":true,"href":"https:\/\/ewyspiarz.info\/ogloszenia\/wp-json\/wp\/v2\/categories?post=6099"},{"taxonomy":"post_tag","embeddable":true,"href":"https:\/\/ewyspiarz.info\/ogloszenia\/wp-json\/wp\/v2\/tags?post=6099"}],"curies":[{"name":"wp","href":"https:\/\/api.w.org\/{rel}","templated":true}]}}